{"id":1105,"date":"1998-02-27T14:54:00","date_gmt":"1998-02-27T14:54:00","guid":{"rendered":"https:\/\/kbsczarnkow.pl\/?p=1105"},"modified":"2024-04-30T11:39:17","modified_gmt":"2024-04-30T11:39:17","slug":"1998-reaktywacja","status":"publish","type":"post","link":"https:\/\/kbsczarnkow.pl\/?p=1105","title":{"rendered":"1998 &#8211; Reaktywacja"},"content":{"rendered":"\t\t<div data-elementor-type=\"wp-post\" data-elementor-id=\"1105\" class=\"elementor elementor-1105\">\n\t\t\t\t<div class=\"elementor-element elementor-element-c5e3bc7 e-flex e-con-boxed wpr-particle-no wpr-jarallax-no wpr-parallax-no wpr-sticky-section-no e-con e-parent\" data-id=\"c5e3bc7\" data-element_type=\"container\" data-e-type=\"container\">\n\t\t\t\t\t<div class=\"e-con-inner\">\n\t\t\t\t<div class=\"elementor-element elementor-element-c65c6aa elementor-widget elementor-widget-heading\" data-id=\"c65c6aa\" data-element_type=\"widget\" data-e-type=\"widget\" data-widget_type=\"heading.default\">\n\t\t\t\t<div class=\"elementor-widget-container\">\n\t\t\t\t\t<h2 class=\"elementor-heading-title elementor-size-default\">Odrodzenie Kurkowego Bractwa Strzeleckiego w Czarnkowie\n<\/h2>\t\t\t\t<\/div>\n\t\t\t\t<\/div>\n\t\t\t\t\t<\/div>\n\t\t\t\t<\/div>\n\t\t<div class=\"elementor-element elementor-element-f8a292e e-flex e-con-boxed wpr-particle-no wpr-jarallax-no wpr-parallax-no wpr-sticky-section-no e-con e-parent\" data-id=\"f8a292e\" data-element_type=\"container\" data-e-type=\"container\">\n\t\t\t\t\t<div class=\"e-con-inner\">\n\t\t\t\t<div class=\"elementor-element elementor-element-c06d4db elementor-widget elementor-widget-text-editor\" data-id=\"c06d4db\" data-element_type=\"widget\" data-e-type=\"widget\" data-widget_type=\"text-editor.default\">\n\t\t\t\t<div class=\"elementor-widget-container\">\n\t\t\t\t\t\t\t\t\t<p dir=\"ltr\">Rok 1998 przyni\u00f3s\u0142 dla wszystkich obywateli ogromn\u0105 zmian\u0119. Jedn\u0105 z oznak zachodz\u0105cych przemian by\u0142o uchwalenie nowego prawa o stowarzyszeniach, kt\u00f3re jak zapisano w preambule, mia\u0142o stworzy\u0107 warunki do realizacji wolno\u015bci zrzeszania, kt\u00f3r\u0105 gwarantuje konstytucja, Powszechna Deklaracja Praw Cz\u0142owieka i Mi\u0119dzynarodowy Pakt Praw Obywatelskich i Politycznych. Od tego momentu umo\u017cliwiono wszystkim obywatelom czynne uczestniczenie w \u017cyciu publicznym i wyra\u017canie zr\u00f3\u017cnicowanych pogl\u0105d\u00f3w oraz realizacj\u0119 indywidualnych zainteresowa\u0144. Prawo to uwzgl\u0119dnia\u0142o tradycje i powszechnie uznawany dorobek ruchu stowarzyszeniowego. Wzorowano si\u0119 w nim na prawie wprowadzonym przed wojn\u0105 i wiele z jego zapis\u00f3w jest zbie\u017cnych.<\/p><p dir=\"ltr\">Wymiernym efektem wprowadzenia nowej ustawy o stowarzyszeniach by\u0142a gwa\u0142towna reaktywacja bractw kurkowych w latach 90. XX wieku. W\u0142adzom komunistycznym, pomimo wielu zabieg\u00f3w, nie uda\u0142o si\u0119 wymaza\u0107 ze \u015bwiadomo\u015bci mieszka\u0144c\u00f3w miast wspomnie\u0144 o dzia\u0142alno\u015bci tych stowarzysze\u0144. Kilka czynnik\u00f3w mia\u0142o wp\u0142yw na ten stan rzeczy. Przede wszystkim osoby nale\u017c\u0105ce przed II wojn\u0105 \u015bwiatow\u0105 do kurkowych bractw strzeleckich przekazywali swe wspomnienia swoim potomkom. To w\u0142a\u015bnie informacje wyniesione z dom\u00f3w rodzinnych bardzo cz\u0119sto by\u0142y impulsem do podj\u0119cia pr\u00f3b reaktywacji bractw strzeleckich. O wielowiekowej dzia\u0142alno\u015bci bractw strzeleckich nie pozwoli\u0142y r\u00f3wnie\u017c zapomnie\u0107 liczne pami\u0105tki przechowywane w r\u0119kach prywatnych oraz muzeach, kt\u00f3rymi interesowali si\u0119 historycy i regionali\u015bci. Zebrane przez nich informacje przybli\u017ca\u0142y dzia\u0142alno\u015b\u0107 bractw kurkowych osobom, kt\u00f3re nie mia\u0142y wystarczaj\u0105cej wiedzy na ten temat. Dlatego bractwa strzeleckie w pierwszej kolejno\u015bci odrodzi\u0142y si\u0119 w miastach, w kt\u00f3rych w r\u00f3\u017cnych okresach historycznych one funkcjonowa\u0142y, a ich kilkuwiekowa dzia\u0142alno\u015b\u0107 na trwa\u0142e wpisa\u0142a si\u0119 w krajobraz spo\u0142eczno-kulturowy tych\u017ce o\u015brodk\u00f3w miejskich.<\/p><p>\u00a0<\/p><p dir=\"ltr\">1. Propagatorem wiedzy na temat czarnkowskiego bractwa strzeleckiego by\u0142 Zbigniew Dudek. Artyku\u0142y jego autorstwa ukaza\u0142y si\u0119 w czarnkowskim dwutygodniku \u201eNadnoteckie Echa\u201d w roku 1995. Mia\u0142y one na celu nie tylko przybli\u017cy\u0107 histori\u0119 bractwa strzeleckiego, ale tak\u017ce doprowadzi\u0107 do reaktywacji tego stowarzyszenia w Czarnkowie. Powsta\u0142y pr\u00f3by odtworzenie dzia\u0142alno\u015bci bractwa niestety dzia\u0142ania te zako\u0144czy\u0142y si\u0119 niepowodzeniem.<\/p><p dir=\"ltr\">Kolejnej pr\u00f3by przywr\u00f3cenia w Czarnkowie bractwa strzeleckiego podj\u0105\u0142 si\u0119 Pawe\u0142 Przychodniak, \u00f3wczesny nadle\u015bniczy Nadle\u015bnictwa w Sarbii. Z przeprowadzonych rozm\u00f3w wynika, \u017ce nigdy wcze\u015bniej nie zetkn\u0105\u0142 si\u0119 on z tym zagadnieniem. Ciekawo\u015b\u0107 i bli\u017csze zainteresowanie bractwami strzeleckimi pojawi\u0142y si\u0119 przypadkowo. Ot\u00f3\u017c, jako mi\u0142o\u015bnik rywalizacji strzeleckiej, zosta\u0142 zaproszony na Turniej organizowany przez Pilskie Bractwo Kurkowe . Tam pomimo wielkich ch\u0119ci, nie m\u00f3g\u0142 wzi\u0105\u0107 udzia\u0142u w jednej z konkurencji strzeleckich, poniewa\u017c by\u0142a ona zarezerwowana tylko dla braci kurkowych. Pawe\u0142 Przychodniak nawet nie wiedzia\u0142 kim s\u0105 bracia kurkowi i dlaczego zajmuj\u0105 si\u0119 strzelectwem. Dlatego po powrocie z Turnieju rozpocz\u0105\u0142 zbieranie informacji na temat dzia\u0142alno\u015bci bractw strzeleckich w Polsce. Dowiedzia\u0142 si\u0119, \u017ce takie stowarzyszenie istnia\u0142o tak\u017ce w Czarnkowie i postanowi\u0142 przywr\u00f3ci\u0107 je do \u017cycia.\u00a0<\/p><p dir=\"ltr\">Zgodnie z obowi\u0105zuj\u0105c\u0105 wtedy ustaw\u0105 o stowarzyszeniach, potrzebne by\u0142o minimum 15 os\u00f3b, kt\u00f3re wyrazi\u0142yby ch\u0119\u0107 zrzeszenia si\u0119 w celu realizacji wsp\u00f3lnych cel\u00f3w. Osoby te musia\u0142y uchwali\u0107 statut i wybra\u0107 komitet za\u0142o\u017cycielski, kt\u00f3ry nast\u0119pnie dokona\u0142by rejestracji w s\u0105dzie wojew\u00f3dzkim. Wpis do odpowiedniego rejestru skutkowa\u0142 uzyskaniem osobowo\u015bci prawnej.<\/p><p dir=\"ltr\">Nam\u00f3wienie 15 os\u00f3b do za\u0142o\u017cenia stowarzyszenia nie by\u0142o zadaniem \u0142atwym. Zorganizowa\u0142 spotkanie, na kt\u00f3re zaprosi\u0142 swoich znajomych. Nikt z zaproszonych go\u015bci nie by\u0142 \u015bwiadomy czemu ono b\u0119dzie po\u015bwi\u0119cone. W wyznaczonym terminie \u2013 27 lutego 1998 r. \u2013 na Sali konferencyjnej nadle\u015bnictwa przygotowa\u0142 niezb\u0119dne materia\u0142y o bractwach strzeleckich, w tym r\u00f3wnie\u017c o tym dzia\u0142aj\u0105cym niegdy\u015b w Czarnkowie. Po powitaniu zaproszonych go\u015bci przedstawi\u0142 im przy\u015bwiecaj\u0105ca mu ide\u0119 przywr\u00f3cenia do \u017cycia bractwa strzeleckiego w Czarnkowie. Nast\u0119pnie opu\u015bci\u0142 go\u015bci, aby sami mogli zaznajomi\u0107 si\u0119 z przygotowanymi materia\u0142ami i przedyskutowa\u0107 propozycj\u0119. Po powrocie zada\u0142 jedno, kr\u00f3tkie pytanie: Czy zak\u0142adamy bractwo strzeleckie? Wszyscy si\u0119 zgodzili. W spotkaniu tym wzi\u0119\u0142o udzia\u0142 19 os\u00f3b: Pawe\u0142 Przychodniak, Helena Jasi\u0144ska-Przychodniak, Tadeusz Smoli\u0144ski, ks. Marian Derkaczewski, Janusz Malinowski, Hieronim Adamczewski, Marek Bardzi\u0144ski, Zbigniew Gzyl, S\u0142awomir Karlikowski, Krzysztof Karpi\u0144ski, S\u0142awomir Knapski, Marek Krzy\u017caniak, Grzegorz \u0141ab\u00f3j, Marian Pertek, Ryszard Ptaszy\u0144ski, Roman Ro\u017cek, Grzegorz Soczka, Jaros\u0142aw Spycha\u0142a, Tomasz Zajkowski.\u00a0<\/p><p dir=\"ltr\">Uczestnicy zebrania za\u0142o\u017cycielskiego wybrali na przewodnicz\u0105cego zebrania Paw\u0142a Przychodniaka, a protokolantem zosta\u0142 Roman Ro\u017cek. Po przedstawieniu porz\u0105dku obrad podj\u0119to cztery uchwa\u0142y. Pierwsza dotyczy\u0142a za\u0142o\u017cenia stowarzyszenia o nazwie Kurkowe Bractwo Strzeleckie w Czarnkowie, druga uchwalenia statutu, trzecia wyboru komitetu za\u0142o\u017cycielskiego. W czwartej uchwale zebrani upowa\u017cnili komitet za\u0142o\u017cycielski do przeprowadzenia rejestracji oraz przygotowania pierwszego Walnego Zgromadzenia.<\/p><p dir=\"ltr\">Komitet za\u0142o\u017cycielski w sk\u0142adzie: Pawe\u0142 Przychodniak, Marian Derkaczewski i Janusz Malinowski, przes\u0142a\u0142 do S\u0105du Wojew\u00f3dzkiego w Poznaniu uchwalony 27 lutego 1998 r. statut. W dokumencie tym podkre\u015blono, \u017ce bractwo powsta\u0142o \u201ez inicjatywy cz\u0142onk\u00f3w za\u0142o\u017cycieli i sympatyk\u00f3w staropolskich strzela\u0144\u201d oraz, \u017ce kontynuuje tradycje bractwa istniej\u0105cego w Czarnkowie od 1648 r. By\u0142o to pierwsze po 1948 r. tego typu stowarzyszenie reprezentuj\u0105ce mieszka\u0144c\u00f3w Czarnkowa i okolic.\u00a0<\/p><p dir=\"ltr\">Niejawna rozprawa w sprawie rejestracji Kurkowego Bractwa Strzeleckiego w Czarnkowie odby\u0142a si\u0119 28 marca 1998 r. Nast\u0119pnie 30 kwietnia 1998 r. S\u0105d Wojew\u00f3dzki w Poznaniu wpisa\u0142 we w\u0142asnym rejestrze stowarzysze\u0144 w dziale A pod nr RST 2436 Kurkowe Bractwo Strzeleckie w Czarnkowie. Ustawa o Krajowym Rejestrze S\u0105dowym, obowi\u0105zuj\u0105ca od 2001 r. zobligowa\u0142a wszystkie stowarzyszenia do uzyskania wpisu w Rejestrze Stowarzysze\u0144 KRS. Dnia 18 grudnia 2001 r. S\u0105d Rejonowy Pozna\u0144 \u2013 Nowe Miasto i Wilda w Poznaniu, IX Wydzia\u0142 Gospodarczy Krajowego Rejestru S\u0105dowego wpisa\u0142 do rejestru stowarzysze\u0144 pod nr 0000073721. Odrodzone stowarzyszenie za najwa\u017cniejszy cel postawi\u0142o sobie \u201epodtrzymywanie i krzewienie wielowiekowych tradycji Strzeleckich i ca\u0142ej spu\u015bcizny Bractwa Kurkowego\u00a0 powsta\u0142ego w\u00a0 roku 1648 dzia\u0142aj\u0105cego na terenie miasta Czarnkowa i okolic, piel\u0119gnowanie i propagowanie idei patriotycznych oraz tradycji historycznych, utrwalanie \u015bwiadomo\u015bci, a tak\u017ce rozwijanie poczucia obowi\u0105zk\u00f3w obywatelskich wzgl\u0119dem Rzeczypospolitej Polskiej\u201d.\u00a0<\/p><p dir=\"ltr\">Odrodzone bractwo strzeleckie z chwil\u0105 wpisu do rejestru stowarzysze\u0144 S\u0105du Wojew\u00f3dzkiego w Poznaniu straci\u0142o ci\u0105g\u0142o\u015b\u0107 prawn\u0105 z przedwojennym odpowiednikiem. Szczeg\u00f3\u0142owa analiza przepis\u00f3w prawnych pozwoli\u0142aby unikn\u0105\u0107 tego \u201eb\u0142\u0119du\u201d, kt\u00f3ry pope\u0142ni\u0142o wiele odradzaj\u0105cych si\u0119 w latach 90. XX wieku bractw strzeleckich oraz innych stowarzysze\u0144. Ot\u00f3\u017c zgodnie z przedwojennym prawem o stowarzyszeniach z 1932 r. proces likwidacji musia\u0142 zako\u0144czy\u0107 si\u0119 wykre\u015bleniem danego stowarzyszenia z przedwojennego rejestru prowadzonego przez urz\u0105d wojew\u00f3dzki. W\u0142adze komunistyczne bardzo cz\u0119sto po wydaniu prawomocnej decyzji administracyjnej i przeprowadzeniu likwidacji stowarzyszenia, nie dope\u0142nia\u0142y tego najwa\u017cniejszego obowi\u0105zku. W przypadku czarnkowskiego bractwa ci\u0105g\u0142o\u015b\u0107 prawna mia\u0142aby tylko aspekt symboliczny. Odrodzone bractwo nie mog\u0142oby odzyska\u0107 przedwojennego maj\u0105tku, poniewa\u017c na\u00a0 miejscu przedwojennego parku i strzelnicy wybudowane zosta\u0142y bloki mieszkaniowe.<\/p><p dir=\"ltr\">Jeszcze nie zako\u0144czy\u0142 si\u0119 proces rejestracji, a cz\u0142onkowie nowego stowarzyszenia spotkali si\u0119 22 marca 1998 r. na pierwszym Walnym Zgromadzeniu. Wzi\u0119li w nim udzia\u0142 tak\u017ce January B\u0105tkiewicz Prezes Zarz\u0105du Okr\u0119gu Pozna\u0144skiego ZKBS RP oraz Zenon Stern prezes Bractwa Kurkowego Murowana Go\u015blina. Przeprowadzono wybory w\u0142adz bractwa. Do funkcji prezesa zg\u0142oszono 4 kandydat\u00f3w: Paw\u0142a Przychodniaka, Janusza Malinowksiego, Mariana Derkaczewkiego i Hieronima Adamczewskiego. W g\u0142osowaniu tajnym 18 os\u00f3b popar\u0142o kandydatur\u0119 Paw\u0142a Przychodniaka, kt\u00f3ry zosta\u0142 pierwszym prezesem Kurkowego Bractwa Strzeleckiego w Czarnkowie w jego najnowszej historii. Na pozosta\u0142e funkcje w zarz\u0105dzie zostali wybrani: Janusz Malinowski (wiceprezes), Roman Ro\u017cek (sekretarz), Tomasz Zajkowski (skarbnik), S\u0142awomir Knapski (strzelmistrz), ks. Marian Derkaczewski, Hieronim Adamczewski (radni). Cz\u0142onkowie bractwa ustalili, \u017ce 31 maja 1998 r. odb\u0119dzie si\u0119 strzelanie z okazji Zielonych \u015awi\u0105tek, kt\u00f3re mia\u0142o poprzedzi\u0107 kolejne walne zgromadzenie. Cz\u0142onkowie bractwa pod koniec kwietnia mieli tak\u017ce wzi\u0105\u0107 udzia\u0142 w zawodach organizowanych w Pile przez Okr\u0119gowy Zwi\u0105zek Strzelectwa Sportowego, aby uzyska\u0107 srebrn\u0105 odznak\u0119 strzeleck\u0105, kt\u00f3ra by\u0142a przepustk\u0105 do uzyskania pozwolenia na bro\u0144 sportow\u0105. Po pierwszym walnym zgromadzeniu odby\u0142o si\u0119 integracyjne strzelanie do tarczy brackiej. Czarnkowskie bractwo kurkowe, przywi\u0105zuje wielk\u0105 wag\u0119 do tych pierwszych zawod\u00f3w strzeleckich. Dlatego na ich pami\u0105tk\u0119 corocznie organizowany jest Turniej Wiosenny.<\/p><p dir=\"ltr\">W dniu 26 marca 1998 r. zarz\u0105d bractwa spotka\u0142 si\u0119, aby przedyskutowa\u0107 najpilniejsze rzeczy, m.in. ustalenie termin\u00f3w Tuniej\u00f3w strzeleckich, zakup materia\u0142u na mundury, wyb\u00f3r kroju kapeluszy. Prezesa bractwa zobowi\u0105zano do podj\u0119cia rozm\u00f3w w sprawie zwrotu \u0142a\u0144cucha kr\u00f3lewskiego, znajduj\u0105cego si\u0119 w Muzeum Archidiecezjalnym w Poznaniu. Droga do jego odzyskania nie by\u0142a \u0142atwa, dlatego bractwo postanowi\u0142o wykona\u0107 replik\u0119 klejnotu kr\u00f3lewskiego.\u00a0<\/p><p dir=\"ltr\">W my\u015bl statutu bractwo mo\u017ce by\u0107 zrzeszone organizacyjnie w &#8222;Zjednoczeniu Kurkowych Bractw Strzeleckich RP&#8221; oraz innych organizacjach strzeleckich. Dzi\u0119ki temu mo\u017cliwa jest wymiana do\u015bwiadcze\u0144 oraz upowszechnianie strzelectwa w\u015br\u00f3d spo\u0142ecze\u0144stwa.<\/p><p dir=\"ltr\">Og\u00f3lnopolska organizacja odrodzi\u0142a si\u0119 dzi\u0119ki staraniom dra T. A. Jakubiaka. Uroczysto\u015b\u0107 po\u015bwi\u0119cenia sztandaru Kurkowego Bractwa Strzeleckiego w K\u00f3rniku, kt\u00f3ra odby\u0142a si\u0119 10 listopada 1990 r. by\u0142a okazj\u0105 do spotkania si\u0119 przedstawicieli odradzaj\u0105cych si\u0119 bractw kurkowych. W tym dniu w bibliotece k\u00f3rnickiej, przy biurku Kanclerza Wielkiego Koronnego Jana Zamoyskiego, podpisano akt, w kt\u00f3rym zadecydowano o reaktywacji Zjednoczenia Kurkowych Bractw Strzeleckich Rzeczypospolitej Polskiej i kontynuowaniu jego przedwojennej dzia\u0142alno\u015bci . W VI Kongresie Zjednoczenia KBS RP obraduj\u0105cym w dniach 8-9 listopada 1991 r. w Poznaniu uczestniczy\u0142y delegacje z 13 bractw strzeleckich. W toku obrad delegaci uchwalili nowy statut, kt\u00f3ry wzorowano na przedwojennym dokumencie oraz wybra\u0142y w\u0142adze og\u00f3lnopolskiej organizacji.<\/p><p dir=\"ltr\">W dniach 1-2 maja 1992 r. przedstawiciele zjednoczonych bractw strzeleckich spotkali si\u0119 w Bytomiu na Zje\u017adzie Delegat\u00f3w Zjednoczenia KBS RP. Najwa\u017cniejsz\u0105 decyzj\u0105, jak\u0105 podj\u0119li by\u0142a uchwa\u0142a o przyst\u0105pieniu og\u00f3lnopolskiej organizacji do Europejskiej Wsp\u00f3lnoty Historycznych Strzelc\u00f3w (dalej EGS). Dzi\u0119ki podj\u0119tej decyzji we wrze\u015bniu 1992 r. bracia kurkowi z Polski wzi\u0119li udzia\u0142 w IX Europejskich Spotkaniach Historycznych Strzelc\u00f3w (dalej ESHS) w Genk w Belgii.<\/p><p dir=\"ltr\">Te dwa wydarzenia znacz\u0105co wp\u0142yn\u0119\u0142y na ruch bracki w Polsce. Przyj\u0119cie do og\u00f3lnopolskiej organizacji zrzeszaj\u0105cej bractwa kurkowe z ca\u0142ej Polski nast\u0105pi\u0142o dosy\u0107 szybko. Zarz\u0105d Zjednoczenia KBS RP ju\u017c 16 maja 1998 r. podj\u0105\u0142 uchwa\u0142\u0119 w sprawie przyj\u0119cia w swe struktury Kurkowego Bractwa Strzeleckiego w Czarnkowie. W kr\u00f3tkim czasie bractwo czarnkowskie reprezentowane przez Paw\u0142a Przychodniaka, przyczyni\u0142o si\u0119 do rozwoju organizacji zrzeszaj\u0105cych bractwa kurkowe.<\/p><p dir=\"ltr\">Innym wa\u017cnym zadaniem, jakiemu musia\u0142y sprosta\u0107 w\u0142adze odrodzonego towarzystwa by\u0142o pozyskanie w\u0142asnej siedziby. Zgodnie z rejestrem siedzib\u0105 bractwa jest budynek Nadle\u015bnictwa Sarbia we wsi Sarbka w pobli\u017cu Czarnkowa. Jednak zarz\u0105d bractwa dok\u0142ada\u0142 wszelkich stara\u0144, aby siedziba, umo\u017cliwiaj\u0105ca jego bie\u017c\u0105c\u0105 dzia\u0142alno\u015b\u0107 usytuowana by\u0142a w mie\u015bcie, kt\u00f3re figuruje w nazwie tej organizacji.\u00a0<\/p><p dir=\"ltr\">Pocz\u0105tkowo, staraniem i nak\u0142adami finansowymi cz\u0142onk\u00f3w Bractwa, zaadaptowano budynek gospodarczy przy Nadle\u015bnictwie Sarbia. Pierwsze zebranie zarz\u0105du bractwa w nowej siedzibie odby\u0142o si\u0119 26 maja 1998 r., symboliczn\u0105 chwil\u0105 tego dnia by\u0142o zawieszenie herbu bractwa. Owalny herb by\u0142 koloru ciemnozielonego. Dooko\u0142a widnia\u0142 czarny napis \u201eKurkowe Bractwo Strzeleckie w Czarnkowie\u201d. W \u015brodku tarczy umieszczony by\u0142 kur, pod kt\u00f3rym umieszczono bia\u0142\u0105 pom\u0142o\u015b\u0107 (na\u0142\u0119czk\u0119) \u2013 symbol zaczerpni\u0119ty z herbu Na\u0142\u0119cz oraz dat\u0119 za\u0142o\u017cenia bractwa.<\/p><p dir=\"ltr\">W 2003 r. prezes Pawe\u0142 Przychodniak zwr\u00f3ci\u0142 si\u0119 do Franciszka Struga\u0142y &#8211; burmistrza Czarnkowa o u\u017cyczenie lokalu usytuowanego w podw\u00f3rzu posesji przy ul. Ko\u015bciuszki 66. Odpowied\u017a by\u0142a pozytywna, ale zagospodarowanie tego budynku by\u0142o poniek\u0105d uzale\u017cnione od Agencji Restrukturyzacji i Modernizacji Rolnictwa, kt\u00f3ra mia\u0142 tam sw\u0105 siedzib\u0119. Dlatego miasto zaproponowa\u0142o budynek przy ul. Wronieckiej 35 (podw\u00f3rze posesji przy ul. Ko\u015bciuszki 66) w Czarnkowie, kt\u00f3ry w ca\u0142o\u015bci m\u00f3g\u0142by by\u0107 u\u017cyczony bractwu. W kwietniu 2004 r. bractwo wyrazi\u0142o ch\u0119\u0107 przyj\u0119cia w u\u017cyczenie wspomnianego lokalu na d\u0142u\u017cszy okres czasu. Jednak budynek ten nie spe\u0142nia\u0142 podstawowych warunk\u00f3w sanitarnych (brak wody, kanalizacji i elektryczno\u015bci), kt\u00f3re by\u0142y niezb\u0119dne do prowadzenia dzia\u0142alno\u015bci statutowej. W zamy\u015ble bractwa by\u0142o nawet utworzenie w tym budynku strzelnicy pneumatycznej dla mieszka\u0144c\u00f3w miasta. Niestety kilkuletnie negocjacje prowadzone z w\u0142adzami miasta spe\u0142z\u0142y na niczym. W sierpniu 2007 r. Komisja Bud\u017cetu i Rozwoju Gospodarczego Rady Miasta w Czarnkowie podj\u0119\u0142a decyzj\u0119 w sprawie wypowiedzenia umowy u\u017cyczenia lokalu przy ul. Wronieckiej 35. Motywami podj\u0119cia tej decyzji by\u0142 brak \u201einicjatywy i zaanga\u017cowania Stowarzyszenia w kwestii dostosowania budynku dla potrzeb Bractwa\u201d. W listopadzie 2008 r. podczas sesji Rady Miasta Czarnkowa radny powiatowy Bogdan Tomaszewski, zasugerowa\u0142, aby budynek u\u017cyczony bractwu kurkowemu, zosta\u0142 u\u017cyczony tak\u017ce innym organizacjom. Wskaza\u0142, aby na adaptacj\u0119 budynku miasto pozyska\u0142o \u015brodki zewn\u0119trzne. W toku dalszej dyskusji burmistrz Franciszek Struga\u0142a stwierdzi\u0142, \u017ce \u201eze strony obecnego zarz\u0105dcy brak jest inicjatywy\u201d i wyrazi\u0142 przygotowanie stosownej uchwa\u0142y, je\u017celi radni cofn\u0105 wcze\u015bniejszych uchwa\u0142\u0119 przyznaj\u0105c\u0105 budynek bractwu kurkowemu.\u00a0<\/p><p dir=\"ltr\">Dyskusja ta nie do ko\u0144ca opiera\u0142a si\u0119 na s\u0142usznych argumentach. Owszem w budynku nic si\u0119 dzia\u0142o, ale trudno w przeci\u0105gu niespe\u0142na czterech lat przeprowadzi\u0107 remont generalny budynku i zaadoptowa\u0107 go do w\u0142asnych potrzeb. Tym bardziej, \u017ce fundusze na ten cel pochodzi\u0142y tylko ze sk\u0142adek cz\u0142onkowskich i ewentualnych zysk\u00f3w osi\u0105gni\u0119tych z imprez strzeleckich. Mimo to bractwu uda\u0142o si\u0119 przeprowadzi\u0107 kosztowne remonty. W 2003 r. wydano oko\u0142o 7 tys. z\u0142 na remont generalny dachu. Wymienione zosta\u0142o jego poszycie i cz\u0119\u015b\u0107 konstrukcji. Niestety w styczniu 2009 r. w\u0142adze miejskie wypowiedzia\u0142y umow\u0119 u\u017cyczenia. W\u0142adze bractwa zaakceptowa\u0142y t\u0119 decyzj\u0119, jednocze\u015bnie zarz\u0105d bractwa wyrazi\u0142 ufno\u015b\u0107, \u017ce Rada Miejska miasta Czarnkowa podejmie decyzje zmierzaj\u0105ce do zaadaptowania tego budynku na dzia\u0142alno\u015b\u0107 stowarzysze\u0144 \u2013 Stowarzyszenia Kupc\u00f3w Czarnkowskich i Kurkowego Bractwa Strzeleckiego w Czarnkowie. Jak si\u0119 p\u00f3\u017aniej okaza\u0142o budynek u\u017cyczony bractwu mia\u0142 charakter gospodarczy i nigdy nie m\u00f3g\u0142 by\u0107 przystosowany do dzia\u0142alno\u015bci, jak\u0105 zamierzano w nim prowadzi\u0107.<\/p><p dir=\"ltr\">Niestety, pomimo up\u0142ywu lat, stowarzyszenie, kt\u00f3re reprezentuje Czarnk\u00f3w w kraju i za granic\u0105, nadal nie ma swojej siedziby w mie\u015bcie. Dekad\u0119 od tych wydarze\u0144 stan budynku przy ul. Wronieckiej 35 nie uleg\u0142 zmianom.<\/p><p dir=\"ltr\">Dla cz\u0142onk\u00f3w odrodzonego bractwa strzeleckiego priorytetem sta\u0142o si\u0119 posiadanie miejsca, w kt\u00f3rym mogliby oni organizowa\u0107 imprezy strzeleckie. Strzelnica bractwa ma s\u0142u\u017cy\u0107 nie tylko rywalizacji strzeleckiej, ale tak\u017ce integracji cz\u0142onk\u00f3w bractwa strzeleckiego ich rodzin oraz okolicznych mieszka\u0144c\u00f3w. Obiekt ten przede wszystkim ma s\u0142u\u017cy\u0107 wype\u0142nieniu cel\u00f3w statutowych zw\u0142aszcza w zakresie propagowania strzelectwa zar\u00f3wno w\u015br\u00f3d doros\u0142ych, jak i m\u0142odzie\u017cy.\u00a0<\/p><p dir=\"ltr\">Bior\u0105c to pod uwag\u0119 w\u0142adze czarnkowskiego bractwa strzeleckiego ju\u017c w czerwcu 1998 r. z\u0142o\u017cy\u0142y Zarz\u0105dowi Gminy w Czarnkowie propozycj\u0119 kupna lub nieodp\u0142atnego przekazania dzia\u0142ki w Sarbce, na kt\u00f3rej usytuowana by\u0142a strzelnica. Jednak\u017ce zgody na taki krok nie wyrazi\u0142a Rada Gminna Zrzeszenia Ludowych Zespo\u0142\u00f3w Sportowych. W zwi\u0105zku z tym zarz\u0105d gminy zaproponowa\u0142 bractwu zawarcie umowy na nieodp\u0142atne u\u017cyczenie tego terenu, pod warunkiem, \u017ce w \u017caden spos\u00f3b nie b\u0119dzie ograniczony dost\u0119p do strzelnicy dla os\u00f3b\u00a0 nieb\u0119d\u0105cych cz\u0142onkami stowarzyszenia. Stosowna umowa u\u017cyczenia zosta\u0142a zawarta na czas okre\u015blony do 31 sierpnia 2001 r. Zanim up\u0142yn\u0105\u0142 ten termin ponownie podj\u0119to rokowania w sprawie nieodp\u0142atnego przekazania strzelnicy na rzecz czarnkowskiego bractwa. Tym razem rozmowy zako\u0144czy\u0142y si\u0119 pomy\u015blnie. Rokowania wie\u0144czy\u0142a umowa z 12 pa\u017adziernika 2000 r., kt\u00f3r\u0105 w imieniu bractwa podpisali prezes Pawe\u0142 Przychodniak i wiceprezes Janusz Malinowski oraz W\u00f3jt Boles\u0142aw Chwar\u015bcianek i Przewodnicz\u0105cy Henryk Mietlicki reprezentuj\u0105cy zarz\u0105d gminy. Aktem notarialnym z 31 pa\u017adziernika 2000 r. dzia\u0142ka o powierzchni 0.56,70 ha sk\u0142adaj\u0105ca si\u0119 z roli lasu i teren\u00f3w rekreacyjno-wypoczynkowych zosta\u0142 nieodp\u0142atnie przekazana na w\u0142asno\u015b\u0107 czarnkowskiego bractwa strzeleckiego.<\/p><p dir=\"ltr\">Na strzelnicy znajduj\u0105 sie cztery osie strzeleckie. Na najd\u0142u\u017cszej 100 metrowej osi mo\u017cna strzela\u0107 z dowolnego rodzaju broni sportowej i my\u015bliwskiej typu kulowego. Tor pocisk\u00f3w zako\u0144czony 8-metrowym kulochwytem po bokach zabezpieczony jest wa\u0142ami ziemnymi, a od g\u00f3ry trzema przechwytywaczami kul. O\u015b ta posiada dwa zadaszone stanowiska strzeleckie. Tarcze umieszczane s\u0105 na specjalnych elektrycznych transporterach tarcz, dzi\u0119ki kt\u00f3rym mo\u017cna ustawia\u0107 je w odleg\u0142o\u015bci 50 i 100 metr\u00f3w. Najwi\u0119cej \u2013 7 zadaszonych stanowisk strzeleckich ma o\u015b strzelecka o d\u0142ugo\u015bci 50 m, kt\u00f3rej tor pocisk\u00f3w zabezpieczony jest w identyczny spos\u00f3b jak na 100-metrowej osi strzeleckiej. Mo\u017cna na niej strzela\u0107 z broni sportowej i my\u015bliwskiej do tarcz umieszczonych w odleg\u0142o\u015bci 25 i 50 m. Dla broni kr\u00f3tkiej dowolnego typu przeznaczona jest o\u015b strzelecka o d\u0142ugo\u015bci 25 m z dwoma zadaszonymi stanowiskami strzeleckimi. Na strzelnicy jest tak\u017ce 10-metrowa o\u015b strzelecka dla broni pneumatycznej z trzema zadaszonymi stanowiskami. Os\u0142ona toru pocisk\u00f3w i kulochwyt wykonane s\u0105 z desek o wysoko\u015bci ok. 2 m.<\/p><p dir=\"ltr\">Strzelnica od samego pocz\u0105tku wymaga\u0142a nak\u0142ad\u00f3w finansowych. W pierwszych latach funkcjonowania bractwa kurkowego skupiono si\u0119 na modernizacji dotychczasowych urz\u0105dze\u0144, m.in. zamontowano tarcze jezdne, co przyczyni\u0142o si\u0119 do zwi\u0119kszenia bezpiecze\u0144stwa i zdecydowanie usprawni\u0142o przeprowadzanie zawod\u00f3w strzeleckich. Liczne imprezy strzeleckie odbywaj\u0105ce si\u0119 w tym miejscu wymusi\u0142y konieczno\u015b\u0107 doprowadzenia wody oraz wybudowanie sanitariatu.\u00a0<\/p><p dir=\"ltr\">Prace remontowe na wi\u0119ksz\u0105 skal\u0119 przeprowadzono w 2005 r., a ich zakres okre\u015bli\u0142 zarz\u0105d bractwa. Przede wszystkim strzelnica mia\u0142a umo\u017cliwi\u0107 schronienie przed niekorzystnymi warunkami atmosferycznymi \u2013 ch\u0142odem, deszczem lub silnym s\u0142o\u0144cem. Cz\u0119\u015b\u0107 z go\u015bci mog\u0142a si\u0119 schroni\u0107 w istniej\u0105cych wiatach przy osi strzeleckiej 50 m i wiatr\u00f3wki. By\u0142y one jednak niewystarczaj\u0105ce, dlatego zdecydowano o postawieniu 6 namiot\u00f3w. Pozosta\u0142e prace remontowe dotyczy\u0142y: podwy\u017cszenia wiaty przy stanowisku wiatr\u00f3wki, wymiany s\u0142up\u00f3w przy ogrodzeniu, naprawy kulochwyt\u00f3w na osi strzeleckiej 100 m, wykonania nowych balustrad na osiach 50 m i 100 m. W celu poprawy bezpiecze\u0144stwa na osi strzeleckiej 50 m, mia\u0142y zosta\u0107 przebudowane stanowiska strzeleckie. Konieczne by\u0142o tak\u017ce przeprowadzenie drobnych prac konserwatorskich. Wszystkie te dzia\u0142ania by\u0142y niejako podejmowane w zwi\u0105zku ze zbli\u017caj\u0105cym si\u0119 Zjazdem Delegat\u00f3w Zjednoczenia KBS RP. Na kolejnych posiedzeniach zarz\u0105du dyskutowano nad koncepcjami zagospodarowania strzelnicy. Prezes bractwa wraz z potencjalnym wykonawc\u0105 dokona\u0142 ogl\u0119dzin i zaproponowa\u0142 wykonanie podmur\u00f3wki wok\u00f3\u0142 wiaty przy osi strzeleckiej 50 m oraz zamontowanie okien i drzwi. Tym samym wiata zosta\u0142aby zamkni\u0119ta. Nie wszystkim cz\u0142onkom zarz\u0105du pomys\u0142 ten przypad\u0142 do gustu, zwa\u017cywszy na konieczno\u015b\u0107 remont\u00f3w w nowej siedzibie przy ul. Wronieckiej 35. Po d\u0142u\u017cszych dyskusjach i wymianie argument\u00f3w przyst\u0105piono do modernizacji wiaty.<\/p><p dir=\"ltr\">Ka\u017cda osoba przebywaj\u0105ca na terenie strzelnicy musi czu\u0107 si\u0119 bezpiecznie. W tym celu konieczne jest wykonywanie bie\u017c\u0105cych napraw. W 2009 r. przeprowadzono remont kapitalny osi strzeleckiej dla karabinku pneumatycznego. Dokonano te\u017c bie\u017c\u0105cych napraw na\u00a0 pozosta\u0142ych osiach: cz\u0119\u015bciowa naprawa kulochwytu (25 m), wymiana dachu (50 m) pokrycie wiaty blach\u0105 (100 m). W kolejnym\u00a0 roku przeprowadzono dalsze remonty, m.in. na osi strzeleckiej 100 m wykonano mury oporowe pod zadaszeniem, a na osi 50 m wymieniono instalacj\u0119 elektryczn\u0105. Na strzelnicy wyci\u0119te zosta\u0142y zb\u0119dne krzewy i drzewa zagra\u017caj\u0105ce osobom uczestnicz\u0105cym w imprezach strzeleckich. W 2011 r. ulewne deszcze rozmy\u0142y drog\u0119 dojazdow\u0105 do strzelnicy i rozmoczy\u0142y wa\u0142y ziemne zabezpieczaj\u0105ce tory strzeleckie. O tym jak silne by\u0142y to opady \u015bwiadczy poziom wody w zalanym pawilonie strzeleckim wynosz\u0105cy 40 cm. Naprawy dotycz\u0105 tak\u017ce infrastruktury technicznej, np. w 2013 r. wymieniono silniki na osi strzeleckiej 50 m oraz linki i styczniki na najd\u0142u\u017cszej osi strzeleckiej.<\/p><p dir=\"ltr\">Koszty bie\u017c\u0105cych napraw pokrywane s\u0105 z bud\u017cetu bractwa, na kt\u00f3ry sk\u0142adaj\u0105 si\u0119 m.in. op\u0142aty za wynajem strzelnicy r\u00f3\u017cnym instytucjom, stowarzyszeniom i organizacjom. W 2007 r. zarz\u0105d ustali\u0142, \u017ce w przypadku imprez \u201eorganizowanych spo\u0142ecznie\u201d za pierwsze 3 godziny nie b\u0119dzie pobierana op\u0142ata, ka\u017cda nast\u0119pna godzina mia\u0142a kosztowa\u0107 10 z\u0142. W stosunku do kosztu wynajmu obiektu strzelnicy wynosz\u0105cego 90 z\u0142 za godzin\u0119. Organizacje spo\u0142eczne mia\u0142y dosy\u0107 preferencyjne warunki. Z pobierani p\u0142aty zwolnione by\u0142y Lasy Pa\u0144stwowe i ko\u0142a \u0142owieckie. W 2009 r. zarz\u0105d postanowi\u0142 nie pobiera\u0107 op\u0142aty od szk\u00f3\u0142 i organizacji m\u0142odzie\u017cowych. Stawka za udost\u0119pnienie ca\u0142ego obiektu pozosta\u0142a bez zmian. Natomiast przy zawieraniu um\u00f3w z instytucjami i organizacjami gospodarczymi stawki s\u0105 ustalane indywidualnie. W 2010 r. strzelnic\u0119 wynaj\u0119\u0142a Regionalna Dyrekcja Las\u00f3w Pa\u0144stwowych w Pile, w celu przeprowadzenia szkolenia stra\u017cnik\u00f3w le\u015bnych z podleg\u0142ych nadle\u015bnictw. W 2011 r. o udost\u0119pnienie strzelnicy zwr\u00f3ci\u0142a si\u0119 dyrekcja Prywatnego Zespo\u0142u Szk\u00f3\u0142 w Czarnkowie oraz Zaocznej Policealnej Szko\u0142y Ochrony Fizycznej Os\u00f3b i Mienia \u201eCOSINUS\u201d w Pile. Z kolei w 2012 r. na strzelnicy swoja bro\u0144 chcieli przestrzeli\u0107 cz\u0142onkowie Ko\u0142a \u0141owieckiego nr 31 \u201eKruk\u201d w Czarnkowie. Regularnie ze strzelnicy w Sarbce korzysta Bractwo Strzeleckie w Uj\u015bciu, kt\u00f3re przeprowadza na niej swoje tradycyjne imprezy strzeleckie. W 2006 r. za wynajem obiektu dla tego stowarzyszenia zarz\u0105d ustali\u0142 op\u0142at\u0119 w wysoko\u015bci 1000 z\u0142. Z tytu\u0142u wynajmu strzelnicy w 2012 r. na konto bractwa wp\u0142yn\u0119\u0142o prawie 2,5 tys. z\u0142.<\/p><p dir=\"ltr\">Pod koniec 1998 r. w gronie zarz\u0105du rozpocz\u0119\u0142y si\u0119 rozmowy na temat sztandaru bractwa. W lutym 1999 r. prezes przedstawi\u0142 projekt sztandaru\u00a0 autorstwa Gra\u017cyny Rebarz, kt\u00f3ry mia\u0142 by\u0107 przedstawiony pozosta\u0142ym cz\u0142onkom bractwa na najbli\u017cszym walnym zgromadzeniu. Projekt po kilku poprawkach zosta\u0142 przyj\u0119ty jednomy\u015blnie. Pozosta\u0142a tylko kwestia sfinansowania sztandaru. Ze wzgl\u0119du na znaczne koszty wykonania sztandaru jednomy\u015blnie postanowiono szuka\u0107 sponsor\u00f3w. Chocia\u017c bractwo jeszcze nie mia\u0142o sztandaru, dokonano wyboru chor\u0105\u017cego, kt\u00f3rym zosta\u0142 Janusz Dudziak. Uroczysto\u015b\u0107 po\u015bwi\u0119cenia nowego sztandaru odby\u0142a si\u0119 17 lipca 1999 r. i by\u0142a po\u0142\u0105czona z obchodami 350 rocznicy istnienia bractwa. Niestety w uroczysto\u015bci tej by\u0142o obecnych tylko 22 spo\u015br\u00f3d 32 cz\u0142onk\u00f3w jakich liczy\u0142o wtedy bractwo. Wydarzenie rozpocz\u0119\u0142a msza \u015bwi\u0119ta odprawiona w czarnkowskiej kolegiacie, kt\u00f3ra koncelebrowa\u0142 ks. Krzysztof Wr\u00f3bel. Wzi\u0119\u0142y w niej udzia\u0142 poczty sztandarowe z 20 bractw strzeleckich. Sztandar czarnkowskiego bractwa po\u015bwi\u0119ci\u0142 ks. Stanis\u0142aw Tomalik. Po mszy \u015bwi\u0119tej ruszy\u0142 poch\u00f3d prowadzony przez orkiestr\u0119 d\u0119t\u0105, za kt\u00f3r\u0105 kroczyli harcerze z po\u015bwieconymi tarczami strzeleckimi. Gdy delegacje, zaproszeni go\u015bcie i pozostali uczestnicy dotarli na Plac Wolno\u015bci okoliczno\u015bciowe przem\u00f3wienia wyg\u0142osili: Pawe\u0142 Przychodniak \u2013 prezes bractwa, Andrzej Wegner \u2013 prezes Zjednoczenia Kurkowych Bractw Strzeleckich RP, January B\u0105tkiewicz \u2013 prezes Okr\u0119gu Pozna\u0144skiego Zjednoczenia Kurkowych Bractw Strzeleckich RP, Franciszek Struga\u0142a \u2013 burmistrz Czarnkowa oraz przedstawiciel Wojewody Pozna\u0144skiego. Wymownym aktem by\u0142o wr\u0119czenie Krzy\u017ca Oficerskiego Zjednoczenia Kurkowych Bractw Strzeleckich RP Maksymilianowi Kriegerowi cz\u0142onkowi czarnkowskiego bractwa, przedwojennemu kr\u00f3lowi kurkowemu. Gdy oficjalne uroczysto\u015bci dobieg\u0142y ko\u0144ca wszyscy udali si\u0119 na strzelnic\u0119 w Sarbce, gdzie odby\u0142 sie turniej strzelecki. Poszczeg\u00f3lne konkurencje strzeleckie wygrali: Tadeusz \u017bychlewicz z Pleszewa (Tarcza Sztandarowa), Zygmunt Karpi\u0144ski z Murowanej Go\u015bliny (Tarcza 350-lecia Bractwa), Robert Karpi\u0144ski z Otwocka (Tarcza Starosty, Tarcza Charytatywna) Roman Ma\u0142ecki z Opalenicy (Tarcza Burmistrza, Tarcza Brata Ryszarda Ptaszy\u0144skiego), Grzegorz Norkowski z Czarnkowa (Tarcza Bracka), \u017baneta \u017bychlewicz (Tarcza Sympatyk\u00f3w Bractwa, Wiatr\u00f3wka). W strzelaniu do kura zwyci\u0119\u017cy\u0142 Roman Ma\u0142ecki, kt\u00f3ry na pami\u0105tk\u0119 otrzyma\u0142 puchar i \u017cywego koguta. Konkurencj\u0119 strzelania z pistolet\u00f3w wygra\u0142 Tomasz Zajkowski z Czarnkowa. Z okazji jubileuszu bractwo otrzyma\u0142o, m.in. sylwetk\u0119 kura wykonan\u0105 z blachy i 6-litorwy kufel wype\u0142niony piwem, kt\u00f3ry dopiero po opr\u00f3\u017cnieniu sta\u0142 si\u0119 jego w\u0142asno\u015bci\u0105.<\/p><p dir=\"ltr\">Poczet sztandarowy reprezentuje ca\u0142e bractwo podczas wa\u017cnych uroczysto\u015bci, zar\u00f3wno o charakterze \u015bwieckim jak i religijnym. Za obecno\u015b\u0107 pocztu sztandarowego podczas nich odpowiedzialny jest chor\u0105\u017cy. Po rezygnacji z tej funkcji Janusza Dudziaka w 2000 r., zgodnie z propozycj\u0105 zarz\u0105du stanowisko to mia\u0142 obj\u0105\u0107 Benedykt M\u0142ynarczyk. W zwi\u0105zku z jego odmow\u0105, walne zgromadzenie chor\u0105\u017cym mianowa\u0142o Grzegorza Norkowskiego. Wraz z nim poczet sztandarowy tworzyli Benedykt M\u0142ynarczyk i Grzegorz Dziekan. Ten ostatni zosta\u0142 kolejnym chor\u0105\u017cym. Decyzj\u0105 Zarz\u0105du w dniu 25 marca 2004 r sztandar przekazano Grzegorzowi Norkowskiemu. W 2005r Sztandar przekazano Ryszardowi Ka\u017amierczakowi.<\/p><p dir=\"ltr\">Obecnie poczet sztandarowy tworz\u0105: Rafa\u0142 Biskup chor\u0105\u017cy oraz Jerzy Przychodniak i Pawe\u0142 Smereczniak<\/p><p dir=\"ltr\">Obecno\u015b\u0107 pocztu sztandaru podczas uroczysto\u015bci pa\u0144stwowych i religijnych jest wr\u0119cz obowi\u0105zkiem ka\u017cdego towarzystwa, kt\u00f3re go posiada. Sztandar jest widoczn\u0105 oznak\u0105 dzia\u0142alno\u015bci i przywi\u0105zania do warto\u015bci zapisanych w statucie \u2013 propagowania idei obywatelskich oraz wyrabiania karno\u015bci i dyscypliny pa\u0144stwowej, aby w razie konieczno\u015bci stan\u0105\u0107 do obrony Ojczyzny. Poczet sztandarowy bierze udzia\u0142 we wszystkich wa\u017cnych dla Bractwa uroczysto\u015bciach. Jest obecny na ka\u017cdym turnieju i na ka\u017cdej Mszy \u015awietej, w kt\u00f3rej bierze udzia\u0142 Bractwo. Ze sztandarem \u017cegnani s\u0105 zmarli cz\u0142onkowie Bractwa i ze sztandarem Bractwo uczestniczy w Spotkaniach Europejskich. W kwietniu 2005 r. ca\u0142e bractwo ze sztandarem przewi\u0105zanym kirem uczestniczy\u0142o we mszy \u015bwi\u0119tej polowej odprawionej na parkingu w pobli\u017cu ko\u015bcio\u0142a pw. \u015aw. Marii Magdaleny. Nabo\u017ce\u0144stwo to by\u0142o po\u017cegnaniem zmar\u0142ego Wielkiego Polaka \u2013 papie\u017ca Jana Paw\u0142a II.\u00a0<\/p><p>\u00a0<\/p><p dir=\"ltr\">2. Struktura organizacyjna<\/p><p dir=\"ltr\">Wsp\u00f3\u0142czesna struktura organizacyjna nawi\u0105zuje do rozwi\u0105za\u0144, kt\u00f3re pojawi\u0142y w XIX-wiecznych statutach, a nast\u0119pnie zosta\u0142y dopasowane i zaadaptowane przez bractwo w okresie mi\u0119dzywojennym. Podobnie jak wcze\u015bniej zauwa\u017calny jest wyra\u017any tr\u00f3jpodzia\u0142 w\u0142adzy na: ustawodawcz\u0105, wykonawcz\u0105 i s\u0105downicz\u0105.<\/p><p dir=\"ltr\">Zgodnie z przepisami prawa o stowarzyszeniach, najwy\u017csz\u0105 w\u0142adz\u0105 w stowarzyszeniu jest wlane zebranie cz\u0142onk\u00f3w lub zebranie delegat\u00f3w. Walne zgromadzenie, w my\u015bl statutu, zwo\u0142ywane jest przez zarz\u0105d przynajmniej raz w roku, najp\u00f3\u017aniej do ko\u0144ca lutego. Je\u017celi zarz\u0105d nie dope\u0142ni swoich obowi\u0105zk\u00f3w w tym zakresie, zebranie wszystkich cz\u0142onk\u00f3w zwo\u0142uje komisja rewizyjna.<\/p><p dir=\"ltr\">Mog\u0105 w nim uczestniczy\u0107 wszyscy cz\u0142onkowie bractwa strzeleckiego oraz zaproszeni go\u015bcie. Przy czym g\u0142os stanowi\u0105cy maj\u0105 tylko cz\u0142onkowie zwyczajni, pozosta\u0142ym przys\u0142uguje g\u0142os doradczy. Obrady walnego zgromadzenia przebiegaj\u0105 wed\u0142ug porz\u0105dku przes\u0142anego 14 dni wcze\u015bniej. Obrady prowadzi prezes bractwa, kt\u00f3rego w uzasadnionych przypadkach zast\u0119puje wiceprezes. W trakcie wyboru prezesa, wiceprezesa i strzelmistrza obradom przewodniczy najstarszy cz\u0142onek bractwa.\u00a0 Podczas walnego zgromadzenia podejmowane s\u0105 wa\u017cne dla dzia\u0142alno\u015bci bractwa uchwa\u0142y. Aby by\u0142y one wa\u017cne, to w okre\u015blonym przez zarz\u0105d miejscu i czasie musi przyby\u0107 co najmniej po\u0142owa og\u00f3lnej liczby uprawnionych cz\u0142onk\u00f3w. W przeciwnym razie walne zgromadzenie odbywa si\u0119 godzin\u0119 p\u00f3\u017aniej, a do wa\u017cno\u015bci uchwa\u0142 wystarczy tylko zwyk\u0142a wi\u0119kszo\u015b\u0107. W razie r\u00f3wnej ilo\u015bci oddanych g\u0142os\u00f3w, rozstrzygaj\u0105cym g\u0142osem jest g\u0142os prezesa. Og\u00f3\u0142 cz\u0142onk\u00f3w okre\u015bla g\u0142\u00f3wne kierunki rozwoju bractwa, m. in. posiada prawo do zmiany statutu, uchwala wewn\u0119trzne regulaminy, podejmuje decyzje w sprawie rocznego bud\u017cetu, ustala wysoko\u015b\u0107 sk\u0142adek cz\u0142onkowskich, rozpatruje zg\u0142oszone wnioski i postulaty oraz udziela zarz\u0105dowi (na wniosek komisji rewizyjnej) absolutorium.<\/p><p dir=\"ltr\">W szczeg\u00f3lnych i pilnych przypadkach zarz\u0105d mo\u017ce zwo\u0142a\u0107 nadzwyczajne walne zgromadzenie. Odpowiedni wniosek o obrady wszystkich cz\u0142onk\u00f3w w nadzwyczajnym trybie mo\u017ce z\u0142o\u017cy\u0107 te\u017c 1\/3 og\u00f3\u0142u cz\u0142onk\u00f3w bractwa lub komisja rewizyjna. W takim przypadku nadzwyczajne walne zgromadzenie musi by\u0107 zwo\u0142ane w nieprzekraczalnym terminie 30 dni od chwili wp\u0142yni\u0119cia odpowiedniego wniosku. Jedno z nadzwyczajnych walnych zgromadze\u0144 odby\u0142o si\u0119 17 grudnia 2005 r., przyby\u0142o na nie 20 spo\u015br\u00f3d 33 cz\u0142onk\u00f3w bractwa. Zarz\u0105d zwo\u0142a\u0142 zebranie, aby poruszy\u0107 dwie sprawy. Pierwsz\u0105 by\u0142a aktywno\u015b\u0107 statutowa cz\u0142onk\u00f3w bractwa. Prezes zaznaczy\u0142, \u017ce tylko niewielka grupa cz\u0142onk\u00f3w reprezentuje bractwo w wi\u0119kszych imprezach, niekt\u00f3rzy od kilkunastu miesi\u0119cy nie uczestniczyli w \u017cadnym spotkaniu brackim. Ponadto prezes zwr\u00f3ci\u0142 uwag\u0119, na s\u0142abe zaanga\u017cowanie w prac\u0119 na rzecz bractwa i nieterminowe regulowanie sk\u0142adek cz\u0142onkowskich. Taka postawa niekt\u00f3rych cz\u0142onk\u00f3w bractwa, uniemo\u017cliwia\u0142a planowanie bie\u017c\u0105cych zada\u0144 i przedsi\u0119wzi\u0119\u0107 o charakterze d\u0142ugofalowym. Drugim tematem nadzwyczajnego walnego zgromadzenia by\u0142 remont na strzelnicy i adaptacja siedziby w Czarnkowie oraz konieczno\u015b\u0107 pokrycia koszt\u00f3w z tym zwi\u0105zanych. W\u0142adze bractwa zamierza\u0142y na ten cel przeznaczy\u0107 zysk osi\u0105gni\u0119ty ze zmaga\u0144 strzeleckich w ramach Zjazdu Delegat\u00f3w Zjednoczenia KBS RP, niestety wp\u0142ywy finansowe by\u0142y zbyt ma\u0142e zwi\u0105zku z tym zarz\u0105d zaapelowa\u0142 o wp\u0142at\u0119 zaleg\u0142o\u015bci sk\u0142adkowych oraz promowanie strzelnicy, jako obiektu doskona\u0142ego do zorganizowania imprez dla r\u00f3\u017cnych \u015brodowisk .Tutaj nale\u017cy przypomnie\u0107 , \u017ce Zjazd Delegat\u00f3w Zjednoczenia KBS RP odby\u0142 si\u0119 bezpo\u015brednio po wydarzeniu w Rawiczu gdzie strzelano do tarczy z wizerunkiem Papie\u017ca z miejscem celowania usytuowanym o obr\u0119bie namalowanej postaci. Spowodowa\u0142o to olbrzymie kontrowersje i znaczne r\u00f3\u017cnice zda\u0144 w\u015br\u00f3d zgromadzonych cz\u0142onk\u00f3w Bractw Kurkowych. Obrady odbywa\u0142y si\u0119 bardzo burzliwie i niestety nie ustalono wsp\u00f3lnego zdania. Czarnkowscy bracia tak zaplanowali zjazd , aby po obradach wszyscy bracia udali si\u0119 na uroczyst\u0105 kolacj\u0119 (odp\u0142atn\u0105) do Zespo\u0142u Szk\u00f3\u0142 Zawodowych w Czarnkowie, gdzie wi\u0119kszo\u015b\u0107 go\u015bci by\u0142a zakwaterowana. Prezes Pawe\u0142 Przychodniak , po kr\u00f3tkiej naradzie z zarz\u0105dem Bractwa, podj\u0105\u0142 decyzj\u0119 aby zaprosi\u0107 wszystkich na raut bezp\u0142atnie- na koszt Bractwa . Chciano w ten spos\u00f3b naprawi\u0107 napi\u0119t\u0105 atmosfer\u0119 po obradach . Pono\u0107 nic tak dobrze nie poprawia samopoczucia jak pe\u0142ny \u017co\u0142\u0105dek\u00a0 i co\u015b do popicia. By\u0142a to jedyna metoda aby zatrzyma\u0107 do nast\u0119pnego dnia, w\u00a0 \u00a0 kt\u00f3rym przewidziano turniej Zjazdowy.\u00a0 Jednak zacietrzewienie przyby\u0142ych na Zjazd Braci by\u0142o tak wielkie, \u017ce prawie wszyscy zaraz po kolacji wyjechali. A niestety przygotowania do Turnieju tej rangi \u00a0 musia\u0142y sporo kosztowa\u0107. Jak zostali tylko nieliczni to niestety czarnkowscy musieli sami zap\u0142aci\u0107 za wszystko.\u00a0<\/p><p dir=\"ltr\">Najwi\u0119kszym przywilejem walnego zgromadzenia jest wyb\u00f3r na 4-letni\u0105 kadencj\u0119 pozosta\u0142ych w\u0142adz bractwa \u2013 zarz\u0105du, komisji rewizyjnej i s\u0105du honorowego. Wszystkie g\u0142osowania nad poszczeg\u00f3lnymi kandydaturami s\u0105 jawne, chyba \u017ce cz\u0142onkowie bractwa zadecyduj\u0105 inaczej. Wyj\u0105tek stanowi\u0105 wybory na stanowiska prezesa, wiceprezesa i strzelmistrza, kt\u00f3re z mocy statutu s\u0105 niejawne. Pod g\u0142osowanie mo\u017ce by\u0107 poddana nieograniczona liczba kandydatur. Zarz\u0105d czarnkowskiego bractwa sk\u0142ada si\u0119 z 7 cz\u0142onk\u00f3w: prezesa, wiceprezesa, strzelmistrza, sekretarza, skarbnika i dw\u00f3ch radnych. Pierwszy sk\u0142ad zarz\u0105du przedstawia\u0142 si\u0119 nast\u0119puj\u0105co: Pawe\u0142 Przychodniak (prezes), Janusz Malinowski (wiceprezes), S\u0142awomir Knapski (strzelmistrz), Tomasz Zajkowski (skarbnik), Roman Ro\u017cek (sekretarz), Hieronim Adamczewski (radny), ks. Marian Derkaczewski (radny). W posiedzeniach zarz\u0105du uczestniczy\u0107 mo\u017ce tak\u017ce ka\u017cdorazowy kr\u00f3l kurkowy, kt\u00f3rego g\u0142os ma charakter doradczy. W takim samych charakterze mog\u0105 bra\u0107 udzia\u0142 w zebraniach zarz\u0105du cz\u0142onkowie komisji rewizyjnej oraz przewodnicz\u0105cy s\u0105du honorowego.\u00a0<\/p><p dir=\"ltr\">Zebrania gremium reprezentuj\u0105cego wszystkich cz\u0142onk\u00f3w bractwa odbywaj\u0105 si\u0119 w miar\u0119 bie\u017c\u0105cych potrzeb, przy czym cz\u0142onkowie zarz\u0105du musz\u0105 si\u0119 spotka\u0107 przynajmniej raz na kwarta\u0142. Zarz\u0105d przede wszystkim realizuje cele bractwa oraz uchwa\u0142y walnego zgromadzenia. Kieruj\u0105c bie\u017c\u0105c\u0105 dzia\u0142alno\u015bci\u0105 bractwa okre\u015bla kr\u00f3tko- i d\u0142ugofalowe cele. Dlatego w gestii tego gremium jest uchwalenie i realizacja rocznego bud\u017cetu. W zakresie dzia\u0142a\u0144 materialno-finansowych zarz\u0105d sprawuje odpowiedni nadz\u00f3r nad maj\u0105tkiem bractwa i podejmuje decyzje o jego nabyciu lub zbyciu. Dbaj\u0105c o finanse stowarzyszenia zarz\u0105d mo\u017ce prowadzi\u0107 dzia\u0142alno\u015b\u0107 gospodarcz\u0105 i szkoleniow\u0105.\u00a0<\/p><p dir=\"ltr\">W odniesieniu do statutowej dzia\u0142alno\u015bci bractwa zarz\u0105d wyznacza termin wlanego zgromadzenia i uchwala porz\u0105dek obrad. W gronie zarz\u0105du wypracowywane s\u0105 niekt\u00f3re inicjatywy, kt\u00f3re nast\u0119pnie trafiaj\u0105 pod obrady walnego zgromadzenia, np. projekty regulamin\u00f3w, wnioski o nadanie lub odebranie godno\u015bci cz\u0142onka honorowego. Zarz\u0105d wyst\u0119puje tak\u017ce do s\u0105du honorowego o wydanie orzecze\u0144 w sprawie zastosowania wobec cz\u0142onk\u00f3w kar okre\u015blonych w statucie. Raz w roku podczas walnego zgromadzenia zarz\u0105d jest zobowi\u0105zany z\u0142o\u017cy\u0107 sprawozdanie ze swojej dzia\u0142alno\u015bci.\u00a0<\/p><p dir=\"ltr\">Dla wszystkich organizacji bardzo wa\u017cna jest stabilno\u015b\u0107, dlatego wa\u017cne jest, aby w organie wykonawczym, jakim jest zarz\u0105d, nie dochodzi\u0142o do cz\u0119stych zmian personalnych. Cz\u0119ste roszady na poszczeg\u00f3lnych stanowiskach nie wp\u0142ywaj\u0105 na sprawne i efektywne funkcjonowanie stowarzyszenia. Statut czarnkowskiego bractwa na wypadek \u015bmierci, wykluczenia lub rezygnacji kt\u00f3rego\u015b z cz\u0142onk\u00f3w zarz\u0105du przewidzia\u0142 procedur\u0119 uzupe\u0142nienia jego sk\u0142adu osobowego. W takim przypadku wakuj\u0105ce stanowisko obejmuje cz\u0142onek bractwa, kt\u00f3rego kandydatura w trakcie wybor\u00f3w uzyska\u0142a w kolejno\u015bci najwi\u0119ksz\u0105 ilo\u015b\u0107 g\u0142os\u00f3w. Post\u0119powanie takie nie mo\u017ce wypaczy\u0107 wyniku wybor\u00f3w, dlatego liczba dokooptowanych w ten spos\u00f3b cz\u0142onk\u00f3w zarz\u0105du nie mo\u017ce przekroczy\u0107 1\/3 sk\u0142adu pochodz\u0105cego z wybor\u00f3w. W najnowszej historii bractwa po raz pierwszy taka sytuacja mia\u0142a miejsce w 1999 r., kiedy z funkcji skarbnika zrezygnowa\u0142 Tomasz Zajkowski. Jego miejsce zaj\u0105\u0142 Jaros\u0142aw Spycha\u0142a, kt\u00f3ry w wyborach na cz\u0142onk\u00f3w zarz\u0105du przeprowadzonych 22 marca 1998 r. uzyska\u0142 najwi\u0119cej g\u0142os\u00f3w. W trakcie trwania drugiej kadencji zarz\u0105du w 2004 r. z pe\u0142nionych funkcji zrezygnowali Jaros\u0142aw Spycha\u0142a (skarbnik) i Roman Ro\u017cek (sekretarz). Zast\u0105pili ich odpowiednio Barbara Zawadzka i Janusz Kryczka. Patrz\u0105c na sk\u0142ad zarz\u0105du w poszczeg\u00f3lnych kadencji w najnowszej historii mo\u017cna zauwa\u017cy\u0107, \u017ce cz\u0119ste zmiany nie dotycz\u0105 kluczowych stanowisk \u2013 prezesa, wiceprezesa i strzelmistrza. Mo\u017ce to \u015bwiadczy\u0107 o zaufaniu pozosta\u0142ych cz\u0142onk\u00f3w bractwa do os\u00f3b kieruj\u0105cych stowarzyszeniem i akceptacji dzia\u0142a\u0144 przez nich podejmowanych. Od chwili odrodzenia bractwa funkcje, o kt\u00f3rych mowa pe\u0142nili: Pawe\u0142 Przychodniak (prezes), Janusz Malinowski (wiceprezes) i S\u0142awomir Knapski (strzelmistrz). W 2006 r. w trakcie wybor\u00f3w na trzeci\u0105 kadencj\u0119, po przeprowadzeniu tajnego g\u0142osowania, okaza\u0142o si\u0119, \u017ce pierwsza dw\u00f3jka ponownie otrzyma\u0142a poparcie wszystkich cz\u0142onk\u00f3w bractwa, nast\u0105pi\u0142a zmiana na stanowisku Strzelmistrza po rezygnacji S\u0142awomira Knapskiego zast\u0105pi\u0142 go Ryszard Ka\u017amierczak. Niestety zarz\u0105d trzeciej kadencji nie dotrwa\u0142 do jej ko\u0144ca w wybranym sk\u0142adzie. Skomplikowana sytuacja zawodowa zmusi\u0142a Paw\u0142a Przychodniaka do rezygnacji z funkcji prezesa. W pi\u015bmie z 26 czerwca 2008 r. adresowanym do bractwa poprosi\u0142 on tak\u017ce o zawieszenie na rok cz\u0142onkowstwa. Po dekadzie dzia\u0142alno\u015bci stowarzyszenie znalaz\u0142o si\u0119 na rozdro\u017cu, z najwa\u017cniejszej funkcji zrezygnowa\u0142a osoba, kt\u00f3ra przyczyni\u0142a si\u0119 do odrodzenia bractwa strzeleckiego w Czarnkowie i w pewnym stopniu wskazywa\u0142a kierunek rozwoju nowej organizacji. W zwi\u0105zku z zaistnia\u0142\u0105 sytuacj\u0105 konieczne by\u0142o zwo\u0142anie nadzwyczajnego walnego zebrania i wyb\u00f3r prezesa. Cz\u0142onkowie bractwa 21 sierpnia 2008 r. w tajnym g\u0142osowaniu zdecydowali, \u017ce nowym prezesem bractwa b\u0119dzie Janusz Malinowski. Na kandydowanie zgody nie wyrazili S\u0142awomir Knapski i Benedykt M\u0142ynarczyk. W zwi\u0105zku z wyborem nowy prezes musia\u0142 z\u0142o\u017cy\u0107 rezygnacj\u0119 z dotychczas piastowanego stanowiska wiceprezesa. Dlatego konieczne by\u0142y kolejne g\u0142osowania \u2013 wiceprezesem wybrano S\u0142awomira Knapskiego, a strzelmistrzem Ryszarda Ka\u017amierczaka. W lutym 2009 r. po uregulowaniu wszystkich spraw, Pawe\u0142 Przychodniak z\u0142o\u017cy\u0142 wniosek o anulowanie zawieszenia praw cz\u0142onkowskich. W trakcie kolejnego walnego zgromadzenia sprawozdawczo-wyborczego 18 spo\u015br\u00f3d 26 cz\u0142onk\u00f3w bractwa popar\u0142o kandydatur\u0119 Janusza Malinowskiego na prezesa w kadencji 2010-2014. W trakcie g\u0142osowania nie mia\u0142 on \u017cadnego kontrkandydata. Wprawdzie Tomasz Zajkowski, zaproponowa\u0142 na stanowisko prezesa Paw\u0142a Przychodniaka, ale ten nie wyrazi\u0142 na to zgody z powodu obowi\u0105zk\u00f3w wynikaj\u0105cych z pracy w zarz\u0105dzie Zjednoczenia KBS RP. Kontrkandydat\u00f3w nie zg\u0142oszono tak\u017ce na stanowiska wiceprezesa i strzelmistrza. Ponownie wybrano S\u0142awomira Knapskiego i Ryszarda Ka\u017amierczaka. W ostatnim roku kadencji \u2013 6 sierpnia \u2013 z funkcji sekretarza zrezygnowa\u0142a Beata G\u0119bala. Dnia 28 lutego 2014 r. odby\u0142o si\u0119 walne zgromadzenie, kt\u00f3re ko\u0144czy\u0142o kolejn\u0105 \u2013 czwart\u0105 kadencj\u0119 w\u0142adz bractwa. Obecnych by\u0142o 18 spo\u015br\u00f3d 21 cz\u0142onk\u00f3w bractwa. Czteroletni\u0105 kadencj\u0119 podsumowa\u0142 ust\u0119puj\u0105cy prezes Janusz Malinowski. W wyborach na prezesa zg\u0142oszono dw\u00f3ch kandydat\u00f3w. Stosunkiem g\u0142os\u00f3w 13 do 4 prezesem wybrano Paw\u0142a Przychodniaka, kt\u00f3rego kontrkandydatem by\u0142 Grzegorz Norkowski. Zmiany nie nast\u0105pi\u0142y na stanowisku wiceprezesa i strzelmistrza.\u00a0 Dniu 23 lutego 2018 odby\u0142o si\u0119 walne zgromadzenie ko\u0144cz\u0105c\u0105 pi\u0105t\u0105 kadencj\u0119\u00a0 w\u0142adz bractwa . Obecnych by\u0142o 22 z 29\u00a0 cz\u0142onk\u00f3w bractwa. Prezesem \u2013 jednog\u0142o\u015bnie wybrano Paw\u0142a Przychodniaka, stanowisko wiceprezesa powierzono Januszowi Malinowskiemu, strzelmistrzem zosta\u0142 Krystian Nowak, Barbara Zawadzka pozosta\u0142a nadal skarbnikiem, funkcj\u0105 sekretarza obarczono Helen\u0119 Jasi\u0144sk\u0105 Przychodniak, Zenon Zawadzki i Adrian Haluszka zostali radnymi.<\/p><p dir=\"ltr\">Dzia\u0142alno\u015b\u0107 bractwa, a zw\u0142aszcza praca zarz\u0105du, podlega kontroli komisji rewizyjnej, sk\u0142adaj\u0105cej si\u0119 z przewodnicz\u0105cego, zast\u0119pcy i sekretarza.\u00a0 W obradach komisji mo\u017ce uczestniczy\u0107 r\u00f3wnie\u017c przewodnicz\u0105cy s\u0105du honorowego, kt\u00f3rego g\u0142os tak jak w trakcie obrad zarz\u0105du ma charakter doradczy. Cz\u0142onkowie organu kontroluj\u0105cego nie mog\u0105 pe\u0142ni\u0107 \u017cadnych stanowisk w bractwie. Ustalenia pokontrolne w formie wniosk\u00f3w przedstawiane s\u0105 zarz\u0105dowi, kt\u00f3ry jest obowi\u0105zany przedsi\u0119wzi\u0105\u0107 odpowiednie kroki zaradcze. Gdy komisja rewizyjna stwierdzi, \u017ce zarz\u0105d nie realizuje cel\u00f3w statutowych mo\u017ce za\u017c\u0105da\u0107, aby zwo\u0142ane zosta\u0142o nadzwyczajne walne zgromadzenie lub posiedzenie zarz\u0105du. W sk\u0142ad pierwszej komisji rewizyjnej weszli: S\u0142awomir Karlikowski, Marian Pertek i Franciszek Skowro\u0144ski. Od 2006 r. jej przewodnicz\u0105cym jest Tomasz Zajkowski. Od 2018 przewodnicz\u0105cym komisji rewizyjnej jest Pawe\u0142 Smereczniak a cz\u0142onkami Miros\u0142aw Wojciechowski i Rafa\u0142 Biskup.<\/p><p dir=\"ltr\">Komisja rewizyjna w znacznej mierze kontroluje kondycj\u0119 finansow\u0105 bractwa, za kt\u00f3r\u0105 bezpo\u015brednio odpowiedzialny jest skarbnik. Podobnie jak prezes i strzelmistrz, on tak\u017ce podczas obrad walnego zgromadzenia jest zobowi\u0105zany przed\u0142o\u017cy\u0107 szczeg\u00f3\u0142owe sprawozdanie za stanu finans\u00f3w. W 2011 r. przychody bractwa z dzia\u0142alno\u015bci statutowej wynosi\u0142y nieco ponad 30 tys. z\u0142, po odj\u0119ciu koszt\u00f3w rok zamkni\u0119to zyskiem w wysoko\u015bci 1.743 z\u0142. W kolejnym roku o prawie 2 tys. z\u0142 wzros\u0142y wp\u0142ywy do kasy brackiej, co prze\u0142o\u017cy\u0142o si\u0119 r\u00f3wnie\u017c na wi\u0119kszy zysk. Na koniec 2012 r. skarbnik wykaza\u0142 prawie 3.520 z\u0142 nadwy\u017cki. R\u00f3wnie\u017c w 2013 r. bractwo osi\u0105gn\u0119\u0142o zysk z dzia\u0142alno\u015bci statutowej, pomimo znacznych (ponad 6 tys. z\u0142) zaleg\u0142o\u015bci sk\u0142adkowych.<\/p><p dir=\"ltr\">Do rozstrzygania spor\u00f3w w obr\u0119bie bractwa strzeleckiego upowa\u017cniony jest s\u0105d honorowy, sk\u0142adaj\u0105cy si\u0119 z przewodnicz\u0105cego, wiceprzewodnicz\u0105cego i sekretarza. W dniu 26 lutego 1999 r. Walne Zgromadzenie uchwali\u0142o regulamin post\u0119powania przed s\u0105dem honorowym. W my\u015bl tego dokumentu w gestii tego gremium le\u017cy rozpoznawanie spraw zwi\u0105zanych z naruszeniem przez cz\u0142onk\u00f3w bractwa zapis\u00f3w statutu, regulamin\u00f3w i uchwa\u0142 w\u0142adz bractwa, rozstrzyganie spor\u00f3w zaistnia\u0142ych pomi\u0119dzy cz\u0142onkami oraz cz\u0142onkami a w\u0142adzami. S\u0105d honorowy orzeka o zgodno\u015bci przepis\u00f3w wewn\u0119trznych i uchwa\u0142 ze statutem. Post\u0119powanie przed s\u0105dem honorowym jest wszczynane po z\u0142o\u017ceniu wniosku do przewodnicz\u0105cego tego gremium. Wniosek oskar\u017cycielski sk\u0142ada upowa\u017cniony cz\u0142onek zarz\u0105du lub cz\u0142onek zwyczajny bractwa. Trzyosobowy sk\u0142ad rozpatruje spraw\u0119 z zachowaniem zasady r\u00f3wno\u015bci stron, kt\u00f3rym przys\u0142uguje prawo do obrony i z\u0142o\u017cenia odwo\u0142ania do walnego zgromadzenia. Orzeczenie s\u0105du honorowego uprawomocnia si\u0119 po 14 dniach od poinformowania stron sporu. Przys\u0142uguje prawo do zaskar\u017cenia orzeczenia, kt\u00f3re rozpatruje walne zgromadzenie. S\u0105d honorowy orzekaj\u0105c mo\u017ce zastosowa\u0107 upomnienie, nagan\u0119, kary finansowe, a nawet wykluczy\u0107 z szereg\u00f3w bractwa. Sk\u0142ad pierwszego s\u0105du honorowego tworzyli: Grzegorz Soczka (przewodnicz\u0105cy) Krzysztof Karpi\u0144ski, Zbigniew Gzyl, Grzegorz \u0141ab\u00f3j i Ryszard Ptaszy\u0144ski. W kadencji 2014-2018 s\u0105d honorowy tworzyli: Janusz Malinowski (przewodnicz\u0105cy), Grzegorz \u0141ab\u00f3j, Janusz G\u0119bala, Helena Jasi\u0144ska-Przychodniak oraz Janusz Kryczka. O 2018 s\u0105d honorowy stanowi\u0105 S\u0142awomir Knapski \u2013 przewodnicz\u0105cy oraz cz\u0142onkowie Grzegorz Norkowski i Marcin Augu\u015bcik Lipka.<\/p><p dir=\"ltr\">Cz\u0142onkowie i w\u0142adze bractwa strzeleckiego staraj\u0105 si\u0119 unika\u0107 kierowania spraw do s\u0105du honorowego. Preferowane jest polubowne rozwi\u0105zywanie spor\u00f3w, kt\u00f3re wydaje si\u0119 tak\u017ce lepsze wizerunkowo. Przez ca\u0142y okres wsp\u00f3\u0142czesnej dzia\u0142alno\u015bci bractwa s\u0105d honorowy ani razu nie musia\u0142 si\u0119 pochyla\u0107 nad rozwi\u0105zaniem jakiegokolwiek sporu.\u00a0<\/p><p>\u00a0<\/p><p dir=\"ltr\">3. Przynale\u017cno\u015b\u0107 do Bractwa<\/p><p dir=\"ltr\">W my\u015bl statutu cz\u0142onkami KBS w Czarnkowie mog\u0105 by\u0107 zar\u00f3wno osoby fizyczne, jak i prawne. Wyr\u00f3\u017cnia si\u0119 trzy rodzaje cz\u0142onkowstwa: zwyczajne, wspieraj\u0105ce i honorowe.<\/p><p dir=\"ltr\">Cz\u0142onkiem zwyczajnym mo\u017ce by\u0107 tylko osoba fizyczna posiadaj\u0105ca pe\u0142n\u0105 zdolno\u015b\u0107 do czynno\u015bci prawnych i posiadaj\u0105ca prawa publiczne. W zwi\u0105zku z tym, do bractwa kurkowego mog\u0105 nale\u017ce\u0107 zar\u00f3wno m\u0119\u017cczy\u017ani, jak i kobiety. Praktyka ta jest pewnym novum, kt\u00f3re upowszechni\u0142o si\u0119 we wsp\u00f3\u0142czesnym ruchu brackim, ale nie dotyczy ono wszystkich bractw strzeleckich. Przyjmowanie kobiet w szeregi bractw strzeleckich, jest spowodowane zmian\u0105 charakteru tych stowarzysze\u0144 ze stricte militarnego na sportowo-towarzyski.<\/p><p dir=\"ltr\">Ka\u017cdy, kto chce wst\u0105pi\u0107 do bractwa strzeleckiego musi z\u0142o\u017cy\u0107 pisemn\u0105 deklaracj\u0119 wraz z opini\u0105 dw\u00f3ch cz\u0142onk\u00f3w wprowadzaj\u0105cych. Po przyj\u0119ciu przez zarz\u0105d w poczet cz\u0142onk\u00f3w, osoba wst\u0119puj\u0105ca w szeregi brackie musi wp\u0142aci\u0107 wpisowe. W 1998 r. nowo wst\u0119puj\u0105cy zobowi\u0105zywa\u0142 si\u0119 do wp\u0142acenia 2000 z\u0142 wst\u0119pnego. Kwota ta mog\u0142a by\u0107 wp\u0142acona jednorazowo lub roz\u0142o\u017cona na kwartalne raty po wp\u0142aceniu 500 z\u0142 zaliczki. Kandydat o\u015bwiadcza\u0142, \u017ce w przypadku gdyby nie wywi\u0105za\u0142 si\u0119 z tego zobowi\u0105zania we wskazanych przez siebie terminach i nie uzyska\u0142by prolongaty wp\u0142at od zarz\u0105du bractwa, rezygnuje z cz\u0142onkowstwa i nie ro\u015bci pretensji do poniesionych koszt\u00f3w. Walne zgromadzenie, obraduj\u0105ce 26 lutego 1999 r. uchwali\u0142o wysoko\u015b\u0107 sk\u0142adki cz\u0142onkowskiej, kt\u00f3ra mia\u0142 wynosi\u0107 200 z\u0142. Sk\u0142adka mog\u0142a by\u0107 zap\u0142acona w dw\u00f3ch ratach z terminem p\u0142atno\u015bci do 30 czerwca i 31 grudnia. W kwietniu 2001 r. zarz\u0105d podj\u0105\u0142 decyzj\u0119 o obni\u017ceniu kwoty wst\u0119pnego do 500 z\u0142 dla krewnych os\u00f3b nale\u017c\u0105cych do bractwa \u2013 rodzica, wsp\u00f3\u0142ma\u0142\u017conka lub dziecka maj\u0105cego minimum 21 lat. Zdarza\u0142y si\u0119 sytuacje, \u017ce zarz\u0105d zwalnia\u0142 kandydat\u00f3w z uiszczania wst\u0119pnego, w zamian za wykonanie okre\u015blonych prac na rzecz bractwa kurkowego. W 2001 r. trzech kandydat\u00f3w na braci strzelc\u00f3w \u2013 Mariusz Cie\u015blik, Jaros\u0142aw Cie\u015blik i Janusz Kryczka \u2013 za wykonanie modernizacji i w\u0142a\u015bciwe zabezpieczenie lin, silnik\u00f3w i oprzyrz\u0105dowania\u00a0 na torach strzeleckich, nie musia\u0142o p\u0142aci\u0107 wst\u0119pnego. Z kolei Micha\u0142 Kowalski zosta\u0142 zwolniony z tego obowi\u0105zku w zamian za za\u0142o\u017cenie i prowadzenie strony internetowej bractwa.<\/p><p dir=\"ltr\">Brat lub siostra przyj\u0119ci w szeregi bractwa musz\u0105 z\u0142o\u017cy\u0107 \u015blubowanie, kt\u00f3re brzmi nast\u0119puj\u0105co: \u201e\u015alubuj\u0119 wiernie s\u0142u\u017cy\u0107 Pa\u0144stwu Polskiemu w ka\u017cdej potrzebie, przestrzega\u0107 przepis\u00f3w statutowych i regulaminowych Bractwa i d\u0105\u017cy\u0107 wszelkimi si\u0142ami do jego najlepszego rozwoju\u201d.<\/p><p dir=\"ltr\">Pierwszym cz\u0142onkiem przyj\u0119tym do odrodzonego bractwa by\u0142 Grzegorz Norkowski. Jego kandydatur\u0119 zarz\u0105d pozytywnie rozpatrzy\u0142 12 maja 1998 r. Nowoprzyj\u0119ty brat strzelec otrzyma\u0142 z r\u0105k prezesa Krzy\u017c\u00a0 Zjednoczenia z numerem 19., wcze\u015bniej po\u015bwi\u0119cony przez ks. Marina Derkaczewskiego.\u00a0 Z tym wydarzeniem, zwi\u0105zana jest pewna historia. Ot\u00f3\u017c zaprzysi\u0119\u017cenie pierwszego przyj\u0119tego w szeregi bractwa cz\u0142onka i wr\u0119czenie mu krzy\u017ca strzeleckiego, odbywa\u0142o si\u0119 w domu Paw\u0142a Przychodniaka. Kandydat nie chc\u0105c pobrudzi\u0107 wyk\u0142adziny u\u0142o\u017conej w biurze, gdzie mia\u0142 si\u0119 dokona\u0107 ten historyczny akt, \u015bci\u0105gn\u0105\u0142 obuwie. Nikt z obecnych nie zauwa\u017cy\u0142, \u017ce kandydat jest bez but\u00f3w. W zwi\u0105zku z tym utar\u0142 si\u0119 zwyczaj, \u017ce ka\u017cdy nowy brat strzelec sk\u0142adaj\u0105c \u015blubowanie, musia\u0142 \u015bci\u0105gn\u0105\u0107 obuwie. Decyzja w sprawie przyj\u0119cia kolejnych kandydat\u00f3w zapad\u0142a 26 maja 1998 r. Wtedy zarz\u0105d pozytywnie rozpatrzy\u0142 kandydatury: Grzegorza Dziekana, Romana Krawczy\u0144skiego, Benedykta M\u0142ynarczyka. . Wszyscy nowoprzyj\u0119ci cz\u0142onkowie bractwa z\u0142o\u017cyli uroczyste \u015blubowanie na najbli\u017cszym walnym zgromadzeniu. Wraz z rozwijaniem si\u0119 dzia\u0142alno\u015bci bractwa, nowe osoby zg\u0142asza\u0142y ch\u0119\u0107 wst\u0105pienia w szeregi tej organizacji. Zarz\u0105d podczas kolejnych zebra\u0144 rozpatrywa\u0142 poszczeg\u00f3lne kandydatury. Do ko\u0144ca 1998 r. przyj\u0119to jeszcze nast\u0119puj\u0105cych braci: Janusza Dudziaka, Krzysztofa R\u0119barza, Alfreda Matej\u0119, Ryszarda Ka\u017amierczaka, Krzysztof Andrzejewskiego, Franciszka Skowro\u0144skiego. Niestety szeregi brackie opu\u015bci\u0142 Zbigniew Gzyl. By\u0142o to pok\u0142osie pierwszego strzelania o tytu\u0142 kr\u00f3la kurkowego, w kt\u00f3rym ten nie wzi\u0105\u0142 udzia\u0142u. W zwi\u0105zku z tym, zarz\u0105d poprosi\u0142 o usprawiedliwienie post\u0119powania, nieprzystaj\u0105cego do brata strzelca. Zamiast usprawiedliwienia 19 sierpnia 1998 r. wp\u0142yn\u0119\u0142a rezygnacja Zbigniewa Gzyla z cz\u0142onkowstwa w czarnkowskim bractwie. Do ko\u0144ca grudnia 1998 r. szeregi brackie powi\u0119kszy\u0142y si\u0119 o 10 os\u00f3b. Bractwo liczy\u0142o 28 cz\u0142onk\u00f3w czynnych i 2 honorowych.\u00a0<\/p><p dir=\"ltr\">Podczas walnego zgromadzenia w kwietniu 1999 r. mia\u0142 miejsce bardzo wa\u017cny w swej wymowie akt. W szeregi bractwa kurkowego zosta\u0142 przyj\u0119ty Maksymilian Krieger, mistrz fryzjerski, kt\u00f3ry w 1938 r. wywalczy\u0142 godno\u015b\u0107 kr\u00f3la kurkowego czarnkowskiej konfraterni. Uchwa\u0142a walnego zgromadzenia spos\u00f3b symboliczny zapewni\u0142a ci\u0105g\u0142o\u015b\u0107 pomi\u0119dzy przedwojennym i odrodzonym bractwem strzeleckim. Zarz\u0105d zawsze rozpatrywa\u0142 ka\u017cdy wniosek o przyjecie do bractwa osobno, a sylwetk\u0119 kandydata przedstawia\u0142 jeden z braci polecaj\u0105cych. W zale\u017cno\u015bci od ilo\u015bci kandydat\u00f3w i liczby bie\u017c\u0105cych spraw do om\u00f3wienia, czas trwania zebrania by\u0142 r\u00f3\u017cny. O czym \u015bwiadczy wydarzenie z 23 kwietnia 2004 r. Podczas zebrania zarz\u0105du dyskusja nad kandydatur\u0105 Marcina Nowakowskiego oraz sprawami bie\u017c\u0105cymi trwa\u0142a na tyle d\u0142ugo, \u017ce nowoprzyj\u0119ty brat postanowi\u0142 umili\u0107 \u201edalsze obrady z\u0142ocistym napojem brackim\u201d. Gest ten, jak odnotowano w protokole z zebrania, spotka\u0142 si\u0119 ze zrozumieniem i nale\u017cytym szacunkiem.<\/p><p dir=\"ltr\">Na przestrzeni dw\u00f3ch dekad dzia\u0142alno\u015bci czarnkowskiego bractwa liczba cz\u0142onk\u00f3w ulega\u0142a zmianie. Przyjmowani byli nowi cz\u0142onkowie, niekt\u00f3re osoby z r\u00f3\u017cnych wzgl\u0119d\u00f3w dobrowolnie opuszcza\u0142y szeregi bracie lub by\u0142y z nich wykluczane. W szczytowym momencie (2003 r.) bractwo skupia\u0142o w swych szeregach 33 cz\u0142onk\u00f3w czynnych i 4 honorowych. Liczebno\u015b\u0107 na zbli\u017conym poziomie utrzyma\u0142a si\u0119 do 2008 r., kiedy bractwo liczy\u0142o 32 cz\u0142onk\u00f3w czynnych. P\u00f3\u017aniej nast\u0105pi\u0142 pewnego rodzaju kryzys, kt\u00f3ry dotkn\u0105\u0142 wi\u0119kszo\u015b\u0107 bractw strzeleckich dzia\u0142aj\u0105cych w Polsce. Na koniec 2012 r. bractwo liczy\u0142o 21 cz\u0142onk\u00f3w i 4 cz\u0142onk\u00f3w honorowych. Obecnie Kurkowe Bractwo Strzeleckie w Czarnkowie liczy 29 cz\u0142onk\u00f3w, w\u015br\u00f3d nich jest tylko 6 os\u00f3b, kt\u00f3re tworzy\u0142y bractwo w 1998 r: Pawe\u0142 Przychodniak, Helena Jasi\u0144ska-Przychodniak, Janusz Malinowski, Marek Bardzi\u0144ski, S\u0142awomir Knapski i Tomasz Zajowski.<\/p><p dir=\"ltr\">Z chwil\u0105 z\u0142o\u017cenia \u015blubowania brat b\u0105d\u017a siostra zobowi\u0105zani s\u0105 do post\u0119powania zgodnego z poczuciem honoru obywatelskiego, a tym samym do przestrzegania zasady \u201eB\u00f3g \u2013 Honor \u2013 Ojczyzna\u201d. Ka\u017cdemu z czynnych cz\u0142onk\u00f3w bractwa strzeleckiego przys\u0142uguje czynne i bierne prawo wyborcze do w\u0142adz bractwa. Poprzez mo\u017cliwo\u015b\u0107 zg\u0142aszania opinii, sk\u0142adania wniosk\u00f3w i postulat\u00f3w do w\u0142adz, wszyscy cz\u0142onkowie maj\u0105 wp\u0142yw na bie\u017c\u0105ce funkcjonowanie bractwa. Przynale\u017cno\u015b\u0107 do bractwa kurkowego daje mo\u017cliwo\u015b\u0107 noszenia podczas publicznych wyst\u0105pie\u0144 stroju organizacyjnego oraz po uzyskaniu stosownego zezwolenia tak\u017ce broni. Przynale\u017cno\u015b\u0107 do bractwa wi\u0105\u017ce si\u0119 tak\u017ce z mo\u017cliwo\u015bci\u0105 walczenia o nagrody i godno\u015bci we wszelkiego rodzaju zawodach strzeleckich. Wszyscy cz\u0142onkowie bractwa strzeleckiego oraz ich rodziny mog\u0105 korzysta\u0107 z nieruchomo\u015bci i urz\u0105dze\u0144 b\u0119d\u0105cych jego w\u0142asno\u015bci\u0105.<\/p><p dir=\"ltr\">Przynale\u017cno\u015b\u0107 do bractwa kurkowego to nie tylko przywileje, ale r\u00f3wnie\u017c obowi\u0105zki. Ka\u017cdy z cz\u0142onk\u00f3w zobowi\u0105zany jest do aktywnego uczestniczenia w bie\u017c\u0105cym \u017cyciu bractwa kurkowego i realizacji jego cel\u00f3w. Zobowi\u0105zany jest do przestrzegania postanowie\u0144 statutowych i regulaminowych. Dzia\u0142alno\u015b\u0107 bractwa strzeleckiego w znacznej mierze finansowana jest ze sk\u0142adek cz\u0142onkowskich oraz innych \u015bwiadcze\u0144. W kwietniu 2000 r. walne zgromadzenie przyj\u0119\u0142o uchwa\u0142\u0119 w sprawie kary dla cz\u0142onka bractwa za nieusprawiedliwion\u0105 nieobecno\u015b\u0107 na imprezie brackiej. Usprawiedliwienie nale\u017ca\u0142o z\u0142o\u017cy\u0107 najp\u00f3\u017aniej 7 dni po imprezie. W przeciwnym razie naliczano kar\u0119 wysoko\u015bci 100 z\u0142. Kary w wysoko\u015bci 50 z\u0142 naliczano tak\u017ce za nieobecno\u015b\u0107 w pracach spo\u0142ecznych na rzecz bractwa. Jeszcze w tym samym miesi\u0105cu zosta\u0142y zaplanowane prace na rzecz bractwa, s\u0142u\u017c\u0105ce g\u0142\u00f3wnie uporz\u0105dkowaniu terenu strzelnicy. W trzech \u201eczynach spo\u0142ecznych\u201d tylko dziesi\u0119ciu cz\u0142onk\u00f3w wykaza\u0142o si\u0119 100% obecno\u015bci\u0105, jedena\u015bcioro nie bra\u0142o udzia\u0142u w \u017cadnym. Zosta\u0142y naliczone kary w \u0142\u0105cznej wysoko\u015bci 2.550 z\u0142. W 2014 r. doprecyzowano zasady zaliczania obecno\u015bci. Ot\u00f3\u017c, je\u017celi impreza strzelecka rozpoczyna\u0142a si\u0119 msz\u0105 \u015bwi\u0119t\u0105, to cz\u0142onkowie bractwa musz\u0105 by\u0107 na niej obecni. Natomiast, aby obecno\u015b\u0107 na Turnieju by\u0142a wa\u017cna, brat lub siostra powinni odda\u0107 przynajmniej jeden strza\u0142 do tarczy medalowej. Trudno zrozumie\u0107, \u017ce w\u0142adze bractwa musia\u0142y regulowa\u0107 kwestie, kt\u00f3re powinny by\u0107 oczywiste. Okazuje si\u0119, \u017ce by\u0142 to jedyny spos\u00f3b, aby zwi\u0119kszy\u0107 frekwencj\u0119 podczas imprez strzeleckich, a tym samym dba\u0107 o spos\u00f3b postrzegania bractwa kurkowego przez osoby postronne.<\/p><p dir=\"ltr\">W my\u015bl statutu zw\u0142oka w op\u0142aceniu sk\u0142adki cz\u0142onkowskiej i innych zobowi\u0105za\u0144 przez okres d\u0142u\u017cszy ni\u017c 6 miesi\u0119cy mo\u017ce skutkowa\u0107 wykre\u015bleniem z bractwa. Nieterminowe op\u0142acanie sk\u0142adek, nie jest problemem odosobnionym i dotyczy wielu stowarzysze\u0144 i organizacji. Warto jednak pami\u0119ta\u0107, \u017ce ma du\u017cy wp\u0142yw na ich bie\u017c\u0105c\u0105 dzia\u0142alno\u015b\u0107 i utrzymanie p\u0142ynno\u015bci finansowej. Tylko w 2004 r. zarz\u0105d wys\u0142a\u0142 ponad 80 wezwa\u0144 do uregulowania zobowi\u0105za\u0144 finansowych przez cz\u0142onk\u00f3w bractwa. W 2009 r. zal\u0119g\u0142o\u015bci z tytu\u0142u nieop\u0142aconych sk\u0142adek i nieobecno\u015bci na imprezach brackich wynosi\u0142y 4.910 z\u0142. W zwi\u0105zku z tak znacz\u0105cym zad\u0142u\u017ceniem cz\u0142onk\u00f3w bractwa, komisja rewizyjna poleci\u0142a zarz\u0105dowi podj\u0119cie odpowiednich krok\u00f3w w celu \u015bci\u0105gni\u0119cia zaleg\u0142o\u015bci. Przypomnienie o zaleg\u0142o\u015bciach sk\u0142adkowych zazwyczaj wysy\u0142ane jest przed turniejami zielono\u015bwi\u0105tecznymi, gdy\u017c tylko cz\u0142onkowie, kt\u00f3rzy maj\u0105 uregulowane zobowi\u0105zania finansowe wobec bractwa mog\u0105 walczy\u0107 o tytu\u0142 kr\u00f3la kurkowego. Z informacji przes\u0142anych do poszczeg\u00f3lnych cz\u0142onk\u00f3w bractwa w 2011 r. wynika, \u017ce zalegali oni ze sk\u0142adkami na kwot\u0119 3.350 z\u0142.\u00a0<\/p><p dir=\"ltr\">W pa\u017adzierniku 2000 r. zarz\u0105d bractwa postanowi\u0142 skre\u015bli\u0107 z listy cz\u0142onk\u00f3w kt\u00f3rzy zalega\u0142i ze sk\u0142adkami cz\u0142onkowskimi za dwa lata i pomimo upomnie\u0144 nie uregulowa\u0142 zad\u0142u\u017cenia. Kolejny raz tak radykalne kroki zarz\u0105d podj\u0105\u0142 w 2005 r. z listy cz\u0142onk\u00f3w skre\u015bleni zostali nast\u0119pni.\u00a0<\/p><p dir=\"ltr\">Cz\u0142onkowstwo w bractwie ustaje z chwil\u0105 \u015bmierci lub dobrowolnej rezygnacji zg\u0142oszonej na pi\u015bmie Zarz\u0105dowi. \u015amier\u0107 zabra\u0142a z szereg\u00f3w brackich pi\u0119ciu braci \u2013 Jerzego Nowakowskiego (2004 r), Zbigniewa Gruszkiewicza (2002 r.), Maksymiliana Kriegera (2006 r.), Jaros\u0142awa Spycha\u0142y (2007 r.), Jana Nowaka (2009 r.) i\u00a0 Hieronima Adamczewskiego (2016r). Obowi\u0105zkiem wsp\u00f3\u0142cz\u0142onk\u00f3w jest udzia\u0142 w ostatnim po\u017cegnaniu zmar\u0142ego. W por\u00f3wnaniu z wcze\u015bniejszymi okresami dzia\u0142alno\u015bci bractwa obecnie nie ma formalnego zapisu w sprawie uczestniczenia w pogrzebie wsp\u00f3\u0142brata, ale wypada odda\u0107 ostatni\u0105 pos\u0142ug\u0119. Niestety nie wszyscy bracia wzi\u0119li udzia\u0142 w ceremonii pogrzebowej Zbigniewa Gruszkiewicza. Zachowanie to spotka\u0142o si\u0119 z bardzo ostr\u0105 krytyk\u0105 ze strony prezesa bractwa.<\/p><p dir=\"ltr\">O wykluczeniu danego cz\u0142onka z bractwa, mo\u017ce zadecydowa\u0107 s\u0105d honorowy, gdy stwierdzi ra\u017c\u0105ce naruszenie zasad statutowych oraz nieprzestrzeganie uchwa\u0142 i regulamin\u00f3w. Wykluczenie nast\u0119puje tak\u017ce z chwil\u0105 uprawomocnienia si\u0119 wyroku sadu powszechnego, kt\u00f3ry orzek\u0142 kar\u0119 pozbawiaj\u0105c\u0105 utrat\u0119 praw publicznych. Zarz\u0105d mo\u017ce tak\u017ce zawiesi\u0107 cz\u0142onka na p\u00f3\u0142 roku, je\u017celi ten w wymaganym terminie (4 miesi\u0105ce od powiadomienia) nie op\u0142aci na\u0142o\u017conych przez w\u0142adze bractwa kar. Zawieszany jest tak\u017ce cz\u0142onek, kt\u00f3ry w celu uzyskania nagr\u00f3d dla siebie lub innych os\u00f3b, naruszy\u0142 regulamin strzela\u0144. Jednak w czasach po reaktywacji nie by\u0142o \u017cadnego z powy\u017cej opisanych przypadk\u00f3w.<\/p><p dir=\"ltr\">Ka\u017cdy cz\u0142onek bractwa posiada przywilej i jednocze\u015bnie obowi\u0105zek noszenia ubioru organizacyjnego &#8211; munduru. Str\u00f3j bracki wykona\u0142a firma Intermag z Bydgoszczy. Pierwsze 10 mundur\u00f3w bractwo odebra\u0142o jeszcze przed 31 maja 1998 r., dzi\u0119ki temu mog\u0142o si\u0119 w nich zaprezentowa\u0107 na pierwszych uroczysto\u015bciach zielono\u015bwi\u0105tkowych. Kolejne mundury by\u0142y sukcesywnie dostarczane braciom strzelcom. Podczas spotkania wigilijnego, kt\u00f3re odby\u0142o si\u0119 18 grudnia1998 r. wszyscy cz\u0142onkowie bractwa posiadali w\u0142asne mundury. Str\u00f3j bracki sk\u0142ada si\u0119 z zielonej marynarki z wyk\u0142adanym czarnym ko\u0142nierzem i czarnymi patkami kieszeni. Na wy\u0142ogach ko\u0142nierza przytwierdzone s\u0105 srebrne li\u015bcie d\u0119bu. Uzupe\u0142nieniem stroju s\u0105 granatowe spodnie z zielonym cienkim lampasem, bia\u0142a koszula, zielony krawat i ciemnozielona kamizelka oraz czarny kapelusz typu stetson. Na przedzie kapelusza przytwierdzony jest emblemat kura, a z lewej strony znaczek kura na skrzy\u017cowanych strzelbach oraz pi\u00f3ro. Cz\u0142onkowie bractwa postanowili nawi\u0105za\u0107 do przedwojennego umundurowania i wprowadzi\u0107 oznaki funkcyjne widoczne na pagonach. Cz\u0142onkowie zarz\u0105du nosz\u0105 pagony obszyte z\u0142otym bajorkiem i ze z\u0142otym paskiem po\u015brodku. Troje z nich, w zale\u017cno\u015bci od piastowanego stanowiska, ma na pagonach okre\u015blon\u0105 liczb\u0119 gwiazdek \u2013 prezes trzy, wiceprezes dwie, a strzelmistrz jedn\u0105. Z\u0142otym bajorkiem obszyte s\u0105 tak\u017ce pagony kr\u00f3la bractwa aktualnego lub by\u0142ego, kt\u00f3re uzupe\u0142niaj\u0105 z\u0142ote korony. Szeregowi cz\u0142onkowie bractwa nosz\u0105 pagony obszyte srebrnym bajorkiem, z tym\u017ce na pagonach chor\u0105\u017cego umieszczona jest gwiazdka podobnie na mundurze\u00a0 szafarza .Na r\u0119kawie munduru umieszczony jest tak\u017ce emblemat z logiem bractwa. Do 2010 r. by\u0142y to dwie czarne elipsy z sylwetk\u0105 kura i bia\u0142a na\u0142\u0119czk\u0105 w \u015brodku. Nazwa bractwa oraz rok za\u0142o\u017cenia by\u0142y r\u00f3wnie\u017c koloru czarnego. T\u0142o emblematu by\u0142o w kolorze munduru. P\u00f3\u017aniej logo zosta\u0142o zmienione i w pewnym sensie unowocze\u015bnione. Kszta\u0142t logo nie uleg\u0142 zmianie. Napisy i elipsy wyhaftowane na czarnym tle s\u0105 koloru srebrnego. Niestety z emblematu znikn\u0119\u0142a sylwetka kura symbolu bractw strzeleckich. Zast\u0105piono j\u0105 herbem miasta Czarnkowa. Zmian\u0119 logo wprowadzono uchwa\u0142\u0105 zarz\u0105du bractwa a nast\u0119pnie Uchwa\u0142\u0105 Walnego w 2016 r. Spraw\u0119 logo bractwo ostatecznie uregulowano\u00a0 Uchwa\u0142\u0105 Walnego Zgromadzenia w lutym 2017 gdzie przyj\u0119to nowe logo: t\u0142o zielone w ja\u015bniejszym odcieniu od koloru munduru w kszta\u0142cie owalnym na zewn\u0119trznej cz\u0119\u015bci elipsy dooko\u0142a napis KURKOWE BRACTWO STRZELECKIE W CZARNKOWIE elipsa srebrna, wewn\u0105trz du\u017cy z\u0142oty kur poni\u017cej srebrna na\u0142\u0119cz\u00a0 i napis srebrny ROK ZA\u0141. 1648. \u00a0 W grudniu 1999 r. postanowiono uzupe\u0142ni\u0107 mundur o d\u0142ugi ciemnooliwkowy p\u0142aszcz, co jest praktycznym rozwi\u0105zaniem w przypadku publicznych wyst\u0105pie\u0144 w okresie jesienno-zimowym. W maju 2006 r. na nadzwyczajnym walnym zgromadzeniu wysuni\u0119to propozycj\u0119 zmiany dotychczasowych mundur\u00f3w na kontusze. Dawny str\u00f3j szlachecki wzbudza\u0142 wi\u0119ksze zainteresowanie, zw\u0142aszcza na imprezach mi\u0119dzynarodowych. Obraduj\u0105cy cz\u0142onkowie powo\u0142ali komisj\u0119, kt\u00f3ra mia\u0142a zaj\u0105\u0107 si\u0119 dok\u0142adnym opisaniem munduru i okre\u015bli\u0107, ze wzgl\u0119du na wielo\u015b\u0107 wysuni\u0119tych propozycji, zasady noszenia kontusza. Komisja ustali\u0142a, \u017ce na imprezach organizowanych przez czarnkowskie bractwo w kontuszu mo\u017ce wyst\u0119powa\u0107 tylko aktualny lub by\u0142y kr\u00f3l bractwa.<\/p><p dir=\"ltr\">W 2014 r. podczas walnego zgromadzenia podj\u0119to uchwa\u0142\u0119 w sprawie honorowania wszystkich cz\u0142onk\u00f3w, kt\u00f3rzy uko\u0144czyli 60 lat. Jubilaci mieli otrzymywa\u0107 pami\u0105tkow\u0105 szabl\u0119. Dotychczas bracia i siostry z okazji swoich jubileuszy fundowali z regu\u0142y tarcze okoliczno\u015bciowe, kt\u00f3re by\u0142y wystawiane na najbli\u017cszych turniejach strzeleckich. zwyczaj ten jest ca\u0142y czas praktykowany w bractwie. Dlatego decyzja walnego zgromadzenia jest zrozumia\u0142a, tym bardziej, \u017ce wzorem dawnych lat nie mo\u017cna jeszcze nikogo uhonorowa\u0107 za np. d\u0142ugoletni\u0105 przynale\u017cno\u015b\u0107 do bractwa. Pami\u0105tkowe szable zawsze wr\u0119czane by\u0142y przed rozpocz\u0119ciem turnieju strzeleckiego. Pierwsz\u0105 szabl\u0119 w 2014 r. otrzyma\u0142 Tomasz Zajkowski na turnieju rocznicowym. Na turnieju\u00a0 3- majowym Edmund Jaworek. Nast\u0119pnie Helena Jasi\u0144ska-Przychodniak. Mia\u0142o to miejsce w dniu strzelania o tytu\u0142 Kr\u00f3la Kurkowego. Na turnieju \u017cniwnym szabl\u0119 otrzyma\u0142 Ryszard Ka\u017amierczak.\u00a0 W kolejnym roku szable otrzymali Tadeusz Moszcze\u0144ski, Zenon Zawadzki i Janusz G\u0119bala. W 2016 przed turniejem rocznicowym szabl\u0105 zosta\u0142 wyr\u00f3\u017cniony Marek Bardzi\u0144ski. W 2016 r przed rozpocz\u0119ciem Turnieju \u017bniwnego szabl\u0119 otrzyma\u0142 prezes Pawe\u0142 Przychodniaka przed turniejem na \u015bw. Marcin w tym samym roku szabl\u0119 otrzyma\u0142 Janusz Malinowski. W roku 2017 szabl\u0119 otrzyma\u0142 Krzysztof Radeberg.<\/p><p dir=\"ltr\">Zar\u00f3wno osoby fizyczne jak i prawne mog\u0105 zosta\u0107 cz\u0142onkiem wspieraj\u0105cym czarnkowskiego bractwa. Jest to pewna nowo\u015b\u0107 w ruchu brackim polegaj\u0105ca na finansowym lub rzeczowym wsparciu stowarzyszenia. Ka\u017cdy, kto wyrazi ch\u0119\u0107 takiego wsparcia, jest zobowi\u0105zany do regularnego wywi\u0105zywania si\u0119 z zadeklarowanych \u015bwiadcze\u0144. Cz\u0142onkowie wspieraj\u0105cy maj\u0105 prawo uczestniczy\u0107 w posiedzeniach w\u0142adz bractwa, ale tylko z g\u0142osem doradczym oraz mog\u0105 bra\u0107 udzia\u0142 we wszystkich uroczysto\u015bciach i zawodach strzeleckich. Cz\u0142onkowie ci nie posiadaj\u0105 czynnego i biernego prawa wyborczego oraz nie mog\u0105 bra\u0107 udzia\u0142u w strzelaniu do tarczy kr\u00f3lewskiej. W przypadku os\u00f3b prawnych, kt\u00f3re uchwa\u0142\u0105 zarz\u0105du zosta\u0142y przyj\u0119te w poczet cz\u0142onk\u00f3w wspieraj\u0105cych, ich dzia\u0142alno\u015b\u0107 w szeregach bractwa realizowana jest przez przedstawiciela.<\/p><p dir=\"ltr\">Walne zgromadzenie mo\u017ce, na wniosek zarz\u0105du, podj\u0105\u0107 uchwa\u0142\u0119 odno\u015bnie nadania cz\u0142onkowstwa honorowego. Ten zaszczytny tytu\u0142 otrzymuj\u0105 osoby fizyczne lub prawne, kt\u00f3re wnios\u0142y szczeg\u00f3lne zas\u0142ugi dla Bractwa, albo mia\u0142y \u201ewybitny wk\u0142ad w rozw\u00f3j\u201d jego idei. Cz\u0142onkom honorowym przys\u0142uguj\u0105 takie same prawa jak cz\u0142onkom wspieraj\u0105cym. Ponadto cz\u0142onek honorowy jest zwolniony z op\u0142acania sk\u0142adek cz\u0142onkowskich. Jako pierwsi cz\u0142onkowstwo honorowe otrzymali Franciszek Struga\u0142a \u2013 burmistrz Czarnkowa \u00a0 tutaj cz\u0142onkiem honorowym jest urz\u0119duj\u0105cy Burmistrz Czarnkowa oraz Zbigniew Dudek \u2013 propagator historii czarnkowskiego bractwa. Decyzja ta zapad\u0142a podczas walnego zebrania, kt\u00f3re odby\u0142o si\u0119 w dniu pierwszego turnieju zielono\u015bwi\u0105tkowego. Cz\u0142onkowie honorowi otrzymali z r\u0105k prezesa honorowe krzy\u017ce bractwa. Cz\u0142onkami honorowymi s\u0105 tak\u017ce ks. kanonik Stanis\u0142aw Tomalik oraz Boles\u0142aw Chwar\u015bcianek. W\u00f3jt Gminy Czarnk\u00f3w zosta\u0142 uhonorowany za \u201estarania o nabycie praw w\u0142asno\u015bciowych \u2013 uwie\u0144czonych aktem notarialnym \u2013 strzelnicy Brackiej w Sarbce\u201d. Zarz\u0105d bractwa, na swym zebraniu 24 stycznia 2011 r. podj\u0105\u0142 uchwa\u0142\u0119 w sprawie nadania cz\u0142onkowstwa honorowego Benedyktowi M\u0142ynarczykowi, kt\u00f3ry wcze\u015bniej, dobrowolnie zrezygnowa\u0142 z przynale\u017cno\u015bci do bractwa, z powod\u00f3w rodzinnych.\u00a0<\/p><p dir=\"ltr\">W lutym 2018 na walnym zgromadzeniu podj\u0119to uchwa\u0142\u0119 o nadaniu\u00a0 Lutzowi Kidawie wice przewodnicz\u0105cemu Bractwa Kurkowego w Gadebusch. Lutz Kidawa od pocz\u0105tku wsp\u00f3\u0142pracy obu bractw z miast partnerskich (Czarnk\u00f3w i Gadebusch to miasta partnerskie) organizuje t\u0119 wsp\u00f3\u0142prac\u0119 ze strony niemieckiej. Walne zgromadzenie decyzj\u0119 t\u0119 podj\u0119\u0142o jednog\u0142o\u015bnie.<\/p><p>\u00a0<\/p><p dir=\"ltr\">4. Dzia\u0142alno\u015b\u0107 strzelecka<\/p><p dir=\"ltr\">Pomimo up\u0142ywu lat i zmieniaj\u0105cych si\u0119 warunk\u00f3w spo\u0142eczno-kulturowych, g\u0142\u00f3wnym kierunkiem dzia\u0142alno\u015bci bractw kurkowych pozosta\u0142o strzelectwo. Wsp\u00f3\u0142cze\u015bnie poprzez treningi, \u0107wiczenia , zawody\u00a0 i turnieje strzeleckie dla cz\u0142onk\u00f3w bractwa ich rodzin oraz wszystkich sympatyk\u00f3w strzelectwa realizowany jest g\u0142\u00f3wny cel, jaki przy\u015bwieca temu stowarzyszeniu. Chocia\u017c ka\u017cdy cz\u0142onek bractwa, tak jak dawniej ma by\u0107 gotowy do obrony kraju, to we wsp\u00f3\u0142czesnej dzia\u0142alno\u015bci bractwa aspekt militarny zszed\u0142 na dalszy plan. Obecnie jeszcze bardziej, ni\u017c to by\u0142o w XIX wieku i w pierwszej po\u0142owie wieku XX, dzia\u0142alno\u015b\u0107 braci strzelc\u00f3w skupia si\u0119 wok\u00f3\u0142 sfery sportowej i sfery towarzyskiej. Przy czym jedna i druga w du\u017cym stopniu s\u0105 ze sob\u0105 \u015bci\u015ble powi\u0105zane.\u00a0<\/p><p dir=\"ltr\">Czarnkowskie bractwo strzeleckie, podobnie jak inne tego typu organizacje w kraju, najwi\u0119ksz\u0105 wag\u0119 przywi\u0105zuje do r\u00f3\u017cnego rodzaju imprez strzeleckich. Zasady ich przeprowadzania s\u0105 szczeg\u00f3\u0142owo opisane w regulaminie strzeleckim, kt\u00f3ry 13 marca 2000 r. zosta\u0142 zatwierdzony przez zarz\u0105d bractwa. Zapisy tego dokumentu, w zakresie przeprowadzania imprez strzeleckich, odzwierciedlaj\u0105 dwuletnie do\u015bwiadczenia reaktywowanego bractwa strzeleckiego. Podwaliny pod dzia\u0142alno\u015b\u0107 strzeleck\u0105 czarnkowskiego bractwa tworzy\u0142y si\u0119 od 1998 r. Ka\u017cde organizowane w pierwszym roku dzia\u0142alno\u015bci zawody strzeleckie by\u0142y pr\u00f3b\u0105 wyznaczenia kierunku dzia\u0142a\u0144 odrodzonego bractwa na dalsze lata dzia\u0142alno\u015bci. Pomimo up\u0142ywu dwudziestu lat wi\u0119kszo\u015b\u0107 z nich na trwa\u0142e wpisa\u0142a si\u0119 w dzia\u0142alno\u015b\u0107 strzeleck\u0105 stowarzyszenia.<\/p><p dir=\"ltr\">W my\u015bl obowi\u0105zuj\u0105cego regulaminu strzeleckiego w czarnkowskim bractwie wyr\u00f3\u017cnia si\u0119 trzy rodzaje strzela\u0144. Najwa\u017cniejsze dla podtrzymania wielowiekowych zwyczaj\u00f3w s\u0105 \u201estrzelania tradycyjne brackie\u201d, podczas, kt\u00f3rych mo\u017cna uzyska\u0107 tytu\u0142y Kr\u00f3la Bractwa, Kr\u00f3la 3-majowego i Kr\u00f3la \u017bniwnego, a tak\u017ce Mistrza Bractwa. Zarezerwowane s\u0105 one tylko i wy\u0142\u0105cznie dla si\u00f3str i braci czarnkowskiego bractwa, kt\u00f3rzy maj\u0105 uregulowane sk\u0142adki cz\u0142onkowskie. Strzelania tradycyjne to tak\u017ce rywalizacja w strzelaniu do \u201etarczy brackich\u201d zarezerwowana dla cz\u0142onk\u00f3w wszystkich bractw kurkowych.\u00a0<\/p><p dir=\"ltr\">Z my\u015bl\u0105 o osobach spoza szereg\u00f3w brackich przewidziane jest strzelanie do kura oraz tarcz innych ni\u017c brackie, a tak\u017ce strzelanie z broni kr\u00f3tkiej i karabink\u00f3w pneumatycznych. Uczestnictwo w tych konkurencjach okre\u015blaj\u0105 regulaminy poszczeg\u00f3lnych imprez.\u00a0<\/p><p dir=\"ltr\">Trzecim rodzajem rywalizacji strzeleckiej s\u0105 strzelania sportowe przeprowadzane wed\u0142ug regulaminu International Sport Shooting Federation (Mi\u0119dzynarodowej Federacji Sportu Strzeleckiego) zarezerwowane dla os\u00f3b spe\u0142niaj\u0105cych warunki tego\u017c regulaminu.<\/p><p dir=\"ltr\">Podczas ka\u017cdej imprezy strzeleckiej musi by\u0107 dost\u0119pna dostateczna ilo\u015b\u0107 broni. By temu sprosta\u0107, jak najwi\u0119ksza ilo\u015b\u0107 cz\u0142onk\u00f3w bractwa powinna posiada\u0107 pozwolenie na bro\u0144. W grudniu 2008 r. pozwolenie na bro\u0144 sportow\u0105 posiada\u0142o 5 cz\u0142onk\u00f3w czarnkowskiego bractwa: Helena Jasi\u0144ska-Przychodniak, Pawe\u0142 Przychodniak, S\u0142awomir Knapski, Tomasz Zajkowski i Benedykt M\u0142ynarczyk. Na pocz\u0105tku 2010 r. w spisie os\u00f3b posiadaj\u0105cych takowe pozwolenie widniej ju\u017c 9 os\u00f3b. Opr\u00f3cz wy\u017cej wymienionych widniej\u0105 nazwiska: Beaty G\u0119bali, Janusza G\u0119bali, Zenona Zawadzkiego i Janusza Kryczki. Wed\u0142ug stanu na rok 2018 do os\u00f3b posiadaj\u0105cych w\u0142asn\u0105 bro\u0144 nale\u017cy doliczy\u0107 Miros\u0142awa Szyntara i Krystiana Nowaka.\u00a0 W my\u015bl regulaminu strzelniczego dozwolone jest strzelanie z ka\u017cdego rodzaju broni.<\/p><p dir=\"ltr\">Podczas strzelania z karabin\u00f3w tarcze ustawione s\u0105 w odleg\u0142o\u015bci 50 lub 100 metr\u00f3w. Dla strzelania z broni kr\u00f3tkiej odleg\u0142o\u015b\u0107 ta wynosi 25 m oraz 10 m w przypadku karabinka pneumatycznego. Odleg\u0142o\u015b\u0107, z jakiej strzela si\u0119 do kura jest ka\u017cdorazowo ustalana przez strzelmistrza.<\/p><p dir=\"ltr\">Przeprowadzaj\u0105c konkurencje strzeleckie zasadniczo u\u017cywa si\u0119 dw\u00f3ch rodzaj\u00f3w tarcz \u2013 tradycyjnych tarcz p\u0142ytkowych i tarcz punktowych.<\/p><p dir=\"ltr\">Tarcze p\u0142ytkowe wykonane s\u0105 z malowanego drewna lub innego materia\u0142u, w kt\u00f3ry mo\u017cna wbi\u0107 drewniany ko\u0142ek, aby oznaczy\u0107 strza\u0142. W miejscu celu umieszcza si\u0119 wymienn\u0105 p\u0142ytk\u0119 \u2013 tarczk\u0119. Strzelcy rywalizuj\u0105cy w tej konkurencji oddaj\u0105 jeden strza\u0142. W miejsce po pocisku umieszcza si\u0119 drewniany ko\u0142ek z numerem strzelca. Wygrywa ten, kogo strza\u0142 znalaz\u0142 si\u0119 najbli\u017cej \u015brodka p\u0142ytki. Zgodnie z regulaminem strzelniczym, w przypadku du\u017cej ilo\u015bci ch\u0119tnych, albo w celu sprawniejszego przeprowadzenia rywalizacji, strzelanie do tarczy p\u0142ytkowej mo\u017ce zosta\u0107 poprzedzone eliminacjami. W takim przypadku finali\u015bci wy\u0142aniani s\u0105 poprzez strzelanie do tarcz biatlonowych lub punktowych, zgodnie z zasadami okre\u015blonymi w regulaminie danego strzelania. W finale o kolejno\u015bci oddawania strza\u0142\u00f3w decyduje zwyci\u0119zca eliminacji. Ka\u017cdy strzelec, kt\u00f3ry trafi w p\u0142ytk\u0119 ma prawo zweryfikowa\u0107 sw\u00f3j strza\u0142. Po obejrzeniu p\u0142ytki musi z\u0142o\u017cy\u0107 na niej sw\u00f3j podpis. Po trafieniu ka\u017cda p\u0142ytka, opisana imieniem i nazwiskiem oraz nazw\u0105 tarczy trafia do strzelmistrza lub osoby przez niego upowa\u017cnionej. Wszystkie p\u0142ytki musz\u0105 by\u0107 zabezpieczone, aby osoby do tego nieuprawnione nie mia\u0142y do nich dost\u0119pu. Tarcze p\u0142ytkowe u\u017cywane s\u0105 w strzelaniu do tzw. tarcz brackich oraz w rywalizacji o tytu\u0142y kr\u00f3lewskie. W tym ostatnim przypadku nie przeprowadza si\u0119 eliminacji, a ka\u017cdy strzelec mo\u017ce odda\u0107 tylko jeden strza\u0142 do oddalonej o 100 m tarczy.<\/p><p dir=\"ltr\">Rozmiar tarcz punktowych jest uzale\u017cniony od rodzaju stosowanej broni. Tarcze te mog\u0105 przybiera\u0107 form\u0119 artystyczn\u0105, pod warunkiem, \u017ce nie s\u0105 u\u017cywane w konkurencjach sportowych, gdy\u017c wtedy musz\u0105 spe\u0142nia\u0107 wymogi ISSF. Od momentu odrodzenia bractwa tarcze w formie artystycznej wykonywa\u0142a artystka, malarka i scenografka \u2013 pani Gra\u017cyna R\u0119barz. Zmar\u0142a w maju 2017 r. Od 1998r do 2017r\u00a0 namalowa\u0142a dla bractwa oko\u0142o 700 pi\u0119knych tarcz, kt\u00f3re niew\u0105tpliwie s\u0105 pami\u0105tk\u0105 dla ka\u017cdego zwyci\u0119zcy i ozdob\u0105 jego domu. Po \u015bmierci Gra\u017cyny R\u0119barz\u00a0 tarcze maluje pan Wojciech Holz.<\/p><p dir=\"ltr\">Do tarczy punktowych cz\u0142onkowie bractwa strzelaj\u0105 najcz\u0119\u015bciej z broni kr\u00f3tkiej i z karabinka pneumatycznego. Dan\u0105 konkurencje strzeleck\u0105 wygrywa ten, kto uzyska najwi\u0119ksz\u0105 ilo\u015b\u0107 punkt\u00f3w po oddaniu, okre\u015blonej w regulaminie danej imprezy, liczby strza\u0142\u00f3w. Je\u017celi po oddaniu wszystkich strza\u0142\u00f3w w serii, w tarczy jest wi\u0119cej przestrzelin ni\u017c powinno ich by\u0107, wtedy strzelaj\u0105cemu nie uznaje si\u0119 najlepszych wynik\u00f3w. Tarcze punktowe u\u017cywane s\u0105, m.in. w strzelaniu o tytu\u0142 Mistrza Bractwa. W tej konkurencji ka\u017cdy strzelec oddaje jedn\u0105 10-strza\u0142ow\u0105 seri\u0119, a jej wynik decyduje o tryumfie.<\/p><p dir=\"ltr\">Nieco innymi prawami rz\u0105dzi si\u0119 strzelanie do kura wykonanego z drewna lub kory i umieszczonego na drewnianej belce lub metalowym pr\u0119cie. Po oddaniu du\u017cej ilo\u015bci strza\u0142\u00f3w z kura niewiele zostaje. Dlatego cz\u0119sto kur umieszczany jest na tzw. grz\u0119dzie, kt\u00f3ra stanowi cel. Po przestrzeleniu grz\u0119dy, prawie nienaruszony kur stanowi mi\u0142\u0105 pami\u0105tk\u0119 dla zwyci\u0119zcy tej konkurencji. Kur mo\u017ce by\u0107 tak\u017ce zamocowany, tak jak w czasach staropolskich, na wysokiej \u017cerdzi. W takim przypadku karabin, z kt\u00f3rego oddaje si\u0119 strza\u0142y, musi by\u0107 umieszczony w specjalnym uchwycie ograniczaj\u0105cym o\u015b strza\u0142u do wewn\u0119trznej kraw\u0119dzi kulochwytu zamontowanego wok\u00f3\u0142 celu. Ka\u017cda z os\u00f3b bior\u0105cych udzia\u0142 w tej rywalizacji oddaje, w tzw. systemie rotacyjnym, jeden strza\u0142 wed\u0142ug kolejno\u015bci, kt\u00f3ra ustalana jest na podstawie listy zapis\u00f3w lub w drodze losowania. Strzelanie trwa tak d\u0142ugo, a\u017c grz\u0119da zostanie przestrzelona, albo str\u0105cony zostanie ostatni kawa\u0142ek kura. Zwyci\u0119\u017ca strzelec, po kt\u00f3rego strzale kur spadnie na ziemi\u0119. Drugie miejsce przypada w udziale strzelcowi strzelaj\u0105cemu przed zwyci\u0119zc\u0105, a trzecie maj\u0105cemu strzela\u0107 po zwyci\u0119zcy.<\/p><p dir=\"ltr\">Nad prawid\u0142owym i bezpiecznym przeprowadzeniem poszczeg\u00f3lnych konkurencji strzeleckich na turniejach czuwa prowadz\u0105cy strzelanie jemu, jako kieruj\u0105cemu i sprawuj\u0105cemu nadz\u00f3r nad strzelaniem, przys\u0142uguje prawo do ostatecznego rozstrzygni\u0119cia wszelkich spor\u00f3w wynik\u0142ych w trakcie zawod\u00f3w. Zarz\u0105d bractwa przed turniejami strzeleckimi wyznacza prowadz\u0105cego strzelanie,. Musi to\u00a0 by\u0107 osoba, kt\u00f3ra posiada uprawnienia do prowadzenia strzela\u0144. W razie potrzeby zarz\u0105d mo\u017ce wyznaczy\u0107 osoby do pe\u0142nienia funkcji s\u0119dziego obliczaj\u0105cego, s\u0119dziego stanowiskowego i obs\u0142ug\u0119 wydaj\u0105c\u0105 tarcze i ko\u0142ki. Obecnie opiekunem strzelnicy jest Miros\u0142aw Szyntar i tylko w jego obecno\u015bci osoby nie posiadaj\u0105ce wymaganych uprawnie\u0144 mog\u0105 strzela\u0107. Aktualnie uprawnienia do prowadzenia strzele\u0144 posiadaj\u0105: Miros\u0142aw Szyntar, S\u0142awomir Knapski , Pawe\u0142 Przychodniak. i Krystian Nowak<\/p><p dir=\"ltr\">W ci\u0105gu roku kalendarzowego bractwo kurkowe organizuje kilka imprez strzeleckich, ka\u017cda z nich ma inny charakter i inn\u0105 rang\u0119. Terminarz imprez strzeleckich na kolejny rok musi zosta\u0107 ustalony ka\u017cdorazowo przez zarz\u0105d bractwa do ko\u0144ca pa\u017adziernika. Dla ka\u017cdej z imprez ustalany jest odr\u0119bny regulamin, kt\u00f3ry zawiera podstawowe informacje dla zawodnik\u00f3w. Wymienione s\u0105 w nim nazwy i rodzaje tarcz wraz z informacj\u0105, w jakich konkurencjach mog\u0105 bra\u0107 udzia\u0142 cz\u0142onkowie bractw kurkowych, a w jakich go\u015bcie. Regulamin okre\u015bla spos\u00f3b przeprowadzenia eliminacji do poszczeg\u00f3lnych tarcz, ilo\u015b\u0107 finalist\u00f3w, zasady punktacji, a tak\u017ce ilo\u015b\u0107 oddawanych strza\u0142\u00f3w w jednej serii. Regulamin ten zawiera orientacyjne czasy przeprowadzania poszczeg\u00f3lnych konkurencji oraz imiona i nazwiska: strzelmistrza, s\u0119dziego i przedstawiciela organizatora odpowiedzialnego za powierzon\u0105 bro\u0144.\u00a0<\/p><p dir=\"ltr\">Roczny kalendarz imprez strzeleckich otwiera Turniej Wiosenny, nazywany niekiedy rocznicowym. Upami\u0119tnia on pierwsze zawody strzeleckie odrodzonego bractwa strzeleckiego, kt\u00f3re odby\u0142y si\u0119 22 marca 1998 r. Impreza ta mia\u0142a jednak charakter zamkni\u0119ty. Warto w tym miejscu zaznaczy\u0107, \u017ce pierwsza og\u00f3lnodost\u0119pna impreza strzelecka zorganizowana przez czarnkowskie bractwo pn. \u201eDzie\u0144 Otwartej Strzelnicy\u201d odby\u0142a si\u0119 19 kwietnia 1998 r. Nag\u0142o\u015bnienie tej inicjatywy zlecono wszystkim cz\u0142onkom bractwa. Do rozwieszania plakat\u00f3w zarz\u0105d zobowi\u0105za\u0142 Marka Krzy\u017caniaka. Akcentem umilaj\u0105cym pobyt na strzelnicy mia\u0142y by\u0107 przeja\u017cd\u017cki bryczk\u0105 po pobliskiej \u015bcie\u017cce dydaktycznej po\u0142\u0105czone z edukacj\u0105 ekologiczn\u0105. Od tej pory w ka\u017cdej imprezie strzeleckiej mog\u0105 uczestniczy\u0107 wszyscy zainteresowani. Na trwa\u0142e w poszczeg\u00f3lne turnieje czarnkowskiego bractwa strzeleckiego wpisa\u0142 sie tak\u017ce konkurs ekologiczny z cennymi nagrodami, kt\u00f3ry organizowany by\u0142 we wsp\u00f3\u0142pracy z Nadle\u015bnictwem Sarbia. W 2004 r. w konkursie ekologiczno-przyrodniczym w trakcie strzelania 3-majowego zwyci\u0119\u017cy\u0142 \u0141ukasz J\u00f3\u017awiak. W tym samym roku podczas strzelania \u017cniwnego najlepsza z przyrody okaza\u0142a si\u0119 Daria Ga\u0142\u0105zka, a \u0141ukasz J\u00f3\u017awiak zaj\u0105\u0142 drugie miejsce.<\/p><p dir=\"ltr\">Pierwsze strzelanie rocznicowe, kt\u00f3re odby\u0142o si\u0119 20 marca 1999 r. by\u0142o okazj\u0105 do zaprezentowania si\u0119 mieszka\u0144com Czarnkowa. Rozpocz\u0119cie imprezy mia\u0142o miejsce na Placu Wolno\u015bci, sk\u0105d udano si\u0119 do ko\u015bcio\u0142a pw. \u015aw. Marii Magdaleny na msz\u0119 \u015bwi\u0119t\u0105. Po nabo\u017ce\u0144stwie strzelcy przemaszerowali ulicami Ko\u015bcieln\u0105 i Ko\u015bciuszki, a nast\u0119pnie udali si\u0119 na strzelnic\u0119 w Sarbce. Pierwszym tryumfatorem w strzelaniu do Tarczy Rocznicowej zosta\u0142 Tadeusz Moszcze\u0144ski. W innych konkurencjach strzeleckich zwyci\u0119\u017cali: Krzysztof Andrzejewski (Tarcza Miejska), Krzysztof Smole\u0144ski (Tarcza Bracka i pistolet), Pawe\u0142 Przychodniak (Kur), Rados\u0142aw Cichorek (Tarcza dla sympatyk\u00f3w bractwa), Marcin Matz (wiatr\u00f3wka). Sezon strzelecki w 2000 r. bractwo rozpocz\u0119\u0142o z rozmachem &#8211; po raz pierwszy u\u017cyto armaty. Armat\u0119 bractwu ufundowa\u0142 brat Dariusz Sopel. Jej wystrza\u0142 mia\u0142 przypomnie\u0107 mieszka\u0144com Czarnkowa o dzia\u0142alno\u015bci towarzystwa z dawnym rodowodem. Imprez\u0119 strzeleck\u0105 ze wzgl\u0119du na rozpoczynaj\u0105c\u0105 sie por\u0119 roku nazwano wiosenno-rocznicow\u0105. Rywalizacj\u0119 na tarczy rocznicowej wygra\u0142 Janusz Malinowski. Od tego momentu wystrza\u0142 z armaty rozpoczyna ka\u017cd\u0105 imprez\u0119 strzeleck\u0105 czarnkowskiego bractwa. Dnia 3 maja 2005 r. cz\u0142onkowie bractwa z armat\u0105 wzi\u0119li udzia\u0142 w obchodach 350-lecia obrony Sanktuarium Matki Boskiej Jasnog\u00f3rskiej w Cz\u0119stochowie przed Szwedami. Podczas inscenizacji historycznego wydarzenia bracia kurkowi, strzelaj\u0105c z ponad 20 armat pokazali sw\u00f3j kunszt strzelecko-artyleryjski. Wsp\u00f3\u0142organizatorem tych obchod\u00f3w by\u0142o Zjednoczenie Kurkowych Bractw Strzeleckich RP, co \u015bwiadczy o docenieniu idea\u0142\u00f3w i tradycji patriotyczno-obywatelskich, jakie kultywuj\u0105 bractwa kurkowe. Na pami\u0105tk\u0119 tego wydarzenia og\u00f3lnopolska organizacja przekaza\u0142a, jako wotum, pot\u0119\u017cn\u0105 armat\u0119, kt\u00f3ra po dzi\u015b dzie\u0144 stoi na murach obronnych klasztoru.<\/p><p dir=\"ltr\">W 2003 r. na IV Turniej Wiosenny przyjechali cz\u0142onkowie zaprzyja\u017anionych bractw strzeleckich z Pleszewa, Stargardu Szczeci\u0144skiego, Szubina, \u015aremu, \u015arody Wielkopolskiej i Uj\u015bcia. Rywalizowano w 11 konkurencjach strzeleckich. Najlepszy w strzelaniu do Tarczy Rocznicowej okaza\u0142 si\u0119 Leszek Warczak ze Starogardu Gda\u0144skiego. Zaskoczeniem dla uczestnik\u00f3w turnieju by\u0142 tryumf Barbary Zawadzkiej w strzelaniu do kura. Turniej rocznicowy cieszy\u0142 si\u0119 wielkim powodzeniem w 2004 r. wzi\u0119\u0142o w nim udzia\u0142 250 uczestnik\u00f3w z ca\u0142ej Polski. Tak du\u017ca ilo\u015b\u0107 uczestnik\u00f3w sprawi\u0142a, \u017ce niemo\u017cliwe by\u0142o zako\u0144czenie przed zmrokiem strzelania do kura. Zwyci\u0119zc\u0105 tej konkurencji wy\u0142onionym w drodze losowania zosta\u0142a Halina Boruczkowska. Tradycj\u0105 sta\u0142o si\u0119, \u017ce na turniej wiosenny do Czarnkowa zje\u017cd\u017caj\u0105 bracia z ca\u0142ej Polski. Na Jubileuszowy X-Turniej Wiosenny przyjechali cz\u0142onkowie bractw strzeleckich z Dolska, Grudzi\u0105dza, Jutrosina, Lidzbarka, Mie\u015bciska, Pszczyny, Solca Kujawskiego, Uj\u015bcia, Wielenia, W\u0142oszakowic. Przyby\u0142 tak\u017ce Tadeusz \u017by\u0142a z Pszczyny \u2013 Europejski Kr\u00f3l Strzelc\u00f3w. W zaci\u0119tej rywalizacji Tarcz\u0119 Rocznicow\u0105 wywalczy\u0142 Wojciech Kami\u0144ski z Lidzbarka. W strzelaniu do Tarczy Rocznicowej zwyci\u0119\u017cali, m.in.: Grzegorz Dziekan (2014), Beata G\u0119bala (2009, 2010, 2013), Janusz G\u0119bala (2012), Ryszard Ka\u017amierczak (2006, 2015, 2017), S\u0142awomir Knapski (2008), Janusz Malinowski (2000,2016), Janusz Kryczka (2001), Pawe\u0142 Przychodniak (2005), Krystian Nowak (2018). W 2011 r. pami\u0105tkowa tarcza trafi\u0142a w r\u0119ce Marcina Szczyg\u0142a z Bractwa Kurkowego w Pile.<\/p><p dir=\"ltr\">Odrodzone bractwo kurkowe kultywuje wielowiekow\u0105 tradycj\u0119 i zgodnie z przywilejami z czas\u00f3w staropolskich swe najwa\u017cniejsze zawody strzeleckie organizuje w Zielone \u015awi\u0105tki. Pierwsza \u2013 w dziejach najnowszych \u2013 rywalizacja o tytu\u0142 kr\u00f3la kurkowego KBS w Czarnkowie odby\u0142a si\u0119 31 maja 1998 r. Uroczysto\u015b\u0107 rozpocz\u0119\u0142a si\u0119 msz\u0105 \u015bwi\u0119t\u0105 odprawion\u0105 przez ks. Mariana Derkaczewskiego w ko\u015bciele w Kruszewie. Podczas nabo\u017ce\u0144stwa zosta\u0142y po\u015bwi\u0119cone tarcze: Kr\u00f3la Kurkowego i Tarcza Miejska. Uroczysto\u015b\u0107 ta by\u0142a tak\u017ce okazj\u0105, aby ca\u0142e bractwo strzeleckie zaprezentowa\u0142o si\u0119 w nowych mundurach. Rywalizacj\u0119 w strzelaniu do tarczy kr\u00f3lewskiej z odleg\u0142o\u015bci 100 metr\u00f3w wygra\u0142 Tomasz Zajkowski. on zosta\u0142 pierwszym kr\u00f3lem Bractwa po reaktywacji Po 51 latach Kurkowe Bractwo Strzeleckie w Czarnkowie mia\u0142o swojego kr\u00f3la. Jego rycerzami zostali Hieronim Adamczewski (I) i Pawe\u0142 Przychodniak (II). W strzelaniu do Tarczy Miejskiej najlepszy okaza\u0142 si\u0119 Jaros\u0142aw Spycha\u0142a. Na strzelnicy w Sarbce, gdzie odbywa\u0142y si\u0119 turnieje zielono\u015bwi\u0105tkowe, swoje umiej\u0119tno\u015bci strzeleckie mogli sprawdzi\u0107 tak\u017ce zaproszeni go\u015bcie i cz\u0142onkowie rodzin braci strzelc\u00f3w. Po uiszczeniu niewielkiej op\u0142aty z odleg\u0142o\u015bci 50 m mogli strzela\u0107 do tarczy biathlonowych. Ca\u0142odzienne uroczysto\u015bci zielono\u015bwi\u0105tkowe zako\u0144czy\u0142 raut w Karczmie w Kruszewie. W kolejnym roku przed rozpocz\u0119ciem rywalizacji o najwy\u017csz\u0105 godno\u015b\u0107 w bractwie ust\u0119puj\u0105cy kr\u00f3l kurkowy Tomasz Zajkowski z\u0142o\u017cy\u0142 na r\u0119ce prezesa kr\u00f3lewskie insygnia. Na pami\u0105tk\u0119 wywalczonej w 1998 r. godno\u015bci otrzyma\u0142 pami\u0105tkowy medal kr\u00f3lewski, a na pagonach jego munduru przypi\u0119te zosta\u0142y z\u0142ote korony podczas spotkania wigilijnego w 1998 r.. W rywalizacji o tytu\u0142 kr\u00f3la kurkowego w roku 1999 r. najlepszy okaza\u0142 si\u0119 Krzysztof Andrzejewski. Jego rycerzami zostali Pawe\u0142 Przychodniak i Grzegorz Dziekan. W dwudziestoletniej historii rywalizacji o tytu\u0142 kr\u00f3la kurkowego 4 razy godno\u015b\u0107 ta przypad\u0142a w udziale Paw\u0142owi Przychodniakowi (2001, 2003, 2004, 2007). Trzy razy tryumfowa\u0142 Grzegorz Norkowski (2005, 2010, 2011). Dwukrotnie tytu\u0142 kr\u00f3la kurkowego uzyskali Edmund Jaworek (2006, 2012) i S\u0142awomir Knapski (2008, 2014). W najnowszej historii godno\u015b\u0107 kr\u00f3lewska nigdy nie przypad\u0142a w udziale \u017cadnej siostrze czarnkowskiego bractwa. Dwie siostry uzyskiwa\u0142y jednak godno\u015bci rycerskie. By\u0142y to Beata G\u0119bala (I rycerz \u2013 2010, 2011; II rycerz 2008) i Helena Jasi\u0144ska-Przychodniak (I rycerz 2016; II rycerz 2014).\u00a0<\/p><p dir=\"ltr\">W trakcie turniej\u00f3w kr\u00f3lewskich cz\u0142onkowie bractwa walcz\u0105 tak\u017ce o tytu\u0142 Mistrza Bractwa. strzelaj\u0105c po 10 strza\u0142\u00f3w do tarczy punktowej na 50 m. Wywalczyli go, m.in. S\u0142awomir Knapski (2002, 2007, 2008, 2015, 2016), Janusz Malinowski ( 2006, 2010, 2014), Pawe\u0142 Przychodniak (2001, 2005, 2009, 2011, 2017) i Barbara Zawadzka (2012),\u00a0 (2004, 2013), Krzysztof Andrzejewski (2003)<\/p><p dir=\"ltr\">Walne zgromadzenie cz\u0142onk\u00f3w w 2011 r. uchwali\u0142o, aby coroczne strzelanie o najwa\u017cniejsz\u0105 godno\u015b\u0107 w bractwie rozpoczyna\u0142 ust\u0119puj\u0105cy kr\u00f3l kurkowy. Mia\u0142o to podnie\u015b\u0107 rang\u0119 tych zawod\u00f3w. Z kolei zarz\u0105d zosta\u0142 zobowi\u0105zany do podj\u0119cia rozm\u00f3w z w\u0142adzami Czarnkowa w sprawie proklamacji kr\u00f3la kurkowego. Ten uroczysty akt mia\u0142 odbywa\u0107 si\u0119 w mie\u015bcie, przez co najlepszy strzelec cieszy\u0142by si\u0119 wi\u0119kszym presti\u017cem. Rozmowy przynios\u0142y zamierzony efekt. W 2015 r. proklamacja kr\u00f3la kurkowego, kt\u00f3rym zosta\u0142 Zenon Zawadzki odby\u0142a si\u0119 przed budynkiem Muzeum Ziemi Czarnkowskiej. Rok p\u00f3\u017aniej proklamacja na kr\u00f3la Miros\u0142awa Wojciechowskiego, wpisana by\u0142a w obchody Dni Ziemi Czarnkowskiej. W 2017 proklamacja \u00a0 kr\u00f3la Krystiana Nowaka\u00a0 odby\u0142a si\u0119 analogicznie. Uroczysty akt dokona\u0142 si\u0119 na scenie ustawionej na Placu Wolno\u015bci w Czarnkowie. Podczas proklamacji kr\u00f3l kurkowy otrzymuje oznak\u0119 godno\u015bci kr\u00f3lewskiej \u2013 ozdobny \u0142a\u0144cuch. Zasadnicza cz\u0119\u015b\u0107 \u0142a\u0144cucha jest wiern\u0105 kopi\u0105 klejnotu przymocowanego do historycznego \u0142a\u0144cucha. Srebrny medalion z panoplium otoczony jest z\u0142ot\u0105 na\u0142\u0119czk\u0105 zwie\u0144czon\u0105 zamkni\u0119t\u0105 koron\u0105. Imi\u0119 i nazwisko ka\u017cdorazowego kr\u00f3la kurkowego jest grawerowane na ogniwach \u0142a\u0144cucha, kt\u00f3re r\u00f3wnie\u017c maj\u0105 kszta\u0142t na\u0142\u0119czek. Kr\u00f3l kurkowy nie posiada takich przywilej\u00f3w jak dawniej. Nadal jest jednak zobowi\u0105zany wyprawi\u0107 raut kr\u00f3lewski dla wszystkich cz\u0142onk\u00f3w. Na pokrycie koszt\u00f3w rautu bractwo wyp\u0142aca 700 z\u0142, pozosta\u0142e wydatki op\u0142aca kr\u00f3l kurkowy (50%) i jego rycerze (25%). Kwota przekazywana przez bractwo jest pewnym nawi\u0105zaniem do tradycji, kiedy to najlepszy strzelec pierwotnie dostawa\u0142 ulgi podatkowe, zamienione nast\u0119pnie na nagrod\u0119 pieni\u0119\u017cn\u0105.<\/p><p dir=\"ltr\">Czarnkowscy bracia strzelcy w ci\u0105gu roku kalendarzowego rywalizuj\u0105 jeszcze o dwie godno\u015bci kr\u00f3lewskie.\u00a0<\/p><p dir=\"ltr\">W maju lub pod koniec kwietnia walcz\u0105 o tytu\u0142 Kr\u00f3la 3-Maja. Podobnie jak przed II wojn\u0105 \u015bwiatow\u0105 jest on organizowany, aby upami\u0119tni\u0107 uchwalenie pierwszej polskiej konstytucji. Pierwszym strzelcem, kt\u00f3ry zdoby\u0142 ten tytu\u0142 w najnowszej historii bractwa zosta\u0142 Marek Bardzi\u0144ski. W 2006 r. po raz pierwszy w historii czarnkowskiego bractwa Kr\u00f3lem 3-Maja zosta\u0142a kobieta. W strzelaniu z karabinu Remington kal. 222 do tarczy na odleg\u0142o\u015b\u0107 100 najlepsza okaza\u0142a si\u0119 Helena Jasi\u0144ska-Przychodniak. Jej rycerzami zostali Krzysztof Andrzejewski i Jaros\u0142aw Spycha\u0142a.<\/p><p dir=\"ltr\">Na zako\u0144czenie lata organizowany jest turniej o tytu\u0142 Kr\u00f3la \u017bniwnego. Pierwszy turniej strzelecki odby\u0142 si\u0119 19 wrze\u015bnia 1998 r. Po raz pierwszy od zako\u0144czenia II wojny \u015bwiatowej do Czarnkowa przyjechali reprezentanci bractw kurkowych z ca\u0142ej Polski. Wcze\u015bniej ch\u0119\u0107 uczestnictwa w tym wydarzeniu zg\u0142osi\u0142o 20 bractw. Bracia kurkowi i zaproszeni przez nich go\u015bcie zebrali si\u0119 przed Urz\u0119dem Miejskim w Czarnkowie, sk\u0105d przemaszerowali na Plac Wolno\u015bci, gdzie nast\u0105pi\u0142o oficjalne otwarcie uroczysto\u015bci. Po przem\u00f3wieniu Andrzeja Wegnera \u2013 prezesa Zjednoczenia KBS RP i Franciszka Struga\u0142y \u2013 burmistrza Czarnkowa wszyscy udali si\u0119 do ko\u015bcio\u0142a pw. \u015bw. Marii Magdaleny. Korow\u00f3d otwiera\u0142a Czarnkowska Orkiestra D\u0119ta, za kt\u00f3r\u0105 kroczyli harcerze z tarczami strzeleckimi oraz poczty sztandarowe. W samo po\u0142udnie rozpocz\u0119\u0142a si\u0119 msza \u015bwi\u0119ta, kt\u00f3r\u0105 odprawili ks. Stanis\u0142aw Tomalik oraz ks. kan. Jan Chrzanowski. Po nabo\u017ce\u0144stwie bracia strzelcy przemaszerowali ulicami Ko\u015bcieln\u0105 i Tadeusza Ko\u015bciuszki pod Urz\u0105d Miejski, by nast\u0119pnie swoimi samochodami uda\u0107 si\u0119 na strzelnic\u0119 brack\u0105 w Sarbce.\u00a0<\/p><p dir=\"ltr\">Rywalizacj\u0119 strzeleck\u0105 do tarcz: Brackiej, Wojewody Pilskiego, Miejskiej, Jubileuszowej Brata Hieronima Adamczewskiego poprzedzi\u0142y eliminacje, w kt\u00f3rych mogli bra\u0107 udzia\u0142 wszyscy bracia i siostry zrzeszeni w bractwach kurkowych. Osoby spoza szereg\u00f3w brackich mia\u0142y mo\u017cliwo\u015b\u0107 strzelania z broni kr\u00f3tkiej i wiatr\u00f3wek oraz do tarcz: dla Pa\u0144 i M\u0142odzie\u017cy i dla Sympatyk\u00f3w Braci Kurkowych. Dla wszystkich zainteresowanych przewidziano wycieczki konne po lesie, a ich uwie\u0144czeniem by\u0142 \u201eTurniej wiedzy ekologicznej\u201d wsp\u00f3\u0142organizowany przez Nadle\u015bnictwo Sarbia. Pierwszym Kr\u00f3lem \u017bniwnym w zosta\u0142a \u2013 Helena Jasi\u0144ska-Przychodniak. W kilkuwiekowej historii czarnkowskiego bractwa by\u0142o to wydarzenie bez precedensu \u2013 po raz pierwszy tytu\u0142 kr\u00f3lewski wywalczy\u0142a kobieta.<\/p><p dir=\"ltr\">W roczny kalendarz imprez strzeleckich na trwa\u0142e wpisa\u0142o si\u0119 tak\u017ce strzelanie \u201eNa \u015bw. Marcin\u201d. Po raz pierwszy turniej strzelecki z okazji wspomnienia tego \u015bwi\u0119tego, kt\u00f3re przypada 11 listopada zorganizowano w 2006 r. Drugie strzelanie \u201eNa \u015bw. Marcin\u201d rozpocz\u0119\u0142o si\u0119 bardzo mi\u0142ym akcentem \u2013 z okazji imienin z\u0142o\u017cono \u017cyczenia bratu Marcinowi Nowakowskiemu, kt\u00f3ry pocz\u0119stowa\u0142 wszystkich rogalami \u015bwi\u0119tomarci\u0144skimi oraz ufundowa\u0142 jedn\u0105 z tarcz. Zwyci\u0119zca g\u0142\u00f3wnej konkurencji tego turnieju, opr\u00f3cz tarczy otrzymuje tak\u017ce medal ze \u015bw. Marcinem. W kolejnych latach rywalizacj\u0119 t\u0119 wygrywali, m.in. Beata G\u0119bala (2009, 2010, 2013), Janusz G\u0119bala (2014), Janusz Kryczka (2016) , Janusz Malinowski (2015) , Pawe\u0142 Przychodniak (2007, 2011), Zenon Zawadzki (2012), S\u0142awomir Knapski (2006) i Krystian Nowak (2017)<\/p><p dir=\"ltr\">Kilka lat wcze\u015bniej du\u017cym zainteresowaniem cieszy\u0142y si\u0119 zawody w strzelaniu z broni kr\u00f3tkiej. Po raz pierwszy odby\u0142y si\u0119 20 maja 2000 r. Rywalizacj\u0119 strzelc\u00f3w tradycyjnie poprzedzi\u0142a msza \u015bwi\u0119ta odprawiona w ko\u015bciele parafialnym w Kruszewie. Zawody te przerodzi\u0142y si\u0119 w cykliczny Czarnkowski Turniej z Broni Kr\u00f3tkiej organizowany w drugiej po\u0142owie maja lub na pocz\u0105tku czerwca. Podczas zawod\u00f3w strzelano do tarczy punktowych z pistolet\u00f3w kal. 5,6 mm, 7,62 mm i 9 mm na odleg\u0142o\u015b\u0107 25 m. Konkurencj\u0105, w kt\u00f3rej strzelec musia\u0142 si\u0119 wykaza\u0107 nie lada precyzj\u0105 by\u0142o strzelanie z pistoletu kal. 5,6 mm na odleg\u0142o\u015b\u0107 50 m. Z pistolet\u00f3w strzelano tak\u017ce do kura. Z biegiem lat przybra\u0142 on rang\u0119 mistrzostw Polski Bractw Kurkowych edycji wiosennej. Edycja jesienna rozgrywana by\u0142a w \u015aremie. Strzelanie o tytu\u0142 najlepszego strzelca turnieju, poprzedza\u0142y eliminacje do tarczy biatlonowych. Zwyci\u0119zc\u0119 wy\u0142aniano spo\u015br\u00f3d 10 strzelc\u00f3w po oddaniu jednego strza\u0142u do tarczy p\u0142ytkowej.\u00a0<\/p><p dir=\"ltr\">W drugim turnieju w strzelaniu do tarczy p\u0142ytkowej zwyci\u0119\u017cy\u0142 reprezentant gospodarzy Pawe\u0142 Przychodniak, przed Krzysztofem Smole\u0144skim ze \u015aremu i Krzysztofem Andrzejewskim z Czarnkowa. W 2003 r. mistrzem turnieju zosta\u0142 Pawe\u0142 Przychodniak. W pozosta\u0142ych konkurencjach w strzelaniu z broni kr\u00f3tkiej zwyci\u0119\u017cali Krzysztof Smole\u0144ski (pistolet 5,6 mm i 9 mm) i Henryk Rykert ze \u015aremu (pistolet 7,62 mm), Stanis\u0142aw Maciejewski z Mosiny (pistolet 5,6 mm odleg\u0142o\u015b\u0107 50 m) oraz Tomasz Kulczyk z Che\u0142mna (kur). W 2007 r. tytu\u0142 mistrzowski wywalczy\u0142 Mieczys\u0142aw Nyklarz z bractwa strzeleckiego Jelcz-Laskowice. Dnia 21 czerwca 2009 r. odby\u0142a si\u0119 jubileuszowa dziesi\u0105ta edycja tego turnieju. Niestety w por\u00f3wnaniu z poprzednimi latami udzia\u0142 przedstawicieli innych bractw strzeleckich by\u0142 bardzo s\u0142aby \u2013 przyjechali tylko go\u015bcie z W\u0105growca i Szubina. W strzelaniu do tarczy mistrzowskiej najlepsi okazali sie czarnkowscy bracia. Zwyci\u0119\u017cy\u0142 Grzegorz Norkowski przed Januszem G\u0119bal\u0105 i Paw\u0142em Przychodniakiem. Ostatni turniej w strzelaniu z broni kr\u00f3tkiej odby\u0142 si\u0119 w 2012 r. na tarczy mistrzowskiej zwyci\u0119\u017cy\u0142 Janusz G\u0119bala przed Dariuszem B\u0142a\u017cejakiem z Margonina i Januszem Kryczk\u0105.<\/p><p dir=\"ltr\">W celu doskonalenia umiej\u0119tno\u015bci strzeleckich raz w miesi\u0105cu odbywa si\u0119 rywalizacja w ramach Ligi Strzelc\u00f3w. Rozwi\u0105zanie to zosta\u0142o podpatrzone w innych bractwach i przeniesione na grunt czarnkowskiego stowarzyszenia. Zgodnie z za\u0142o\u017ceniem spotkania mia\u0142y odbywa\u0107 si\u0119 w ka\u017cdy ostatni pi\u0105tek miesi\u0105ca pocz\u0105wszy od lipca 1998 r. Tak jest do dnia dzisiejszego. Podsumowanie ca\u0142orocznych zmaga\u0144 ma miejsce w trakcie spotkania wigilijnego cz\u0142onk\u00f3w bractwa strzeleckiego. W pierwszej edycji Ligi Strzelc\u00f3w tryumfowa\u0142 Pawe\u0142 Przychodniak, kt\u00f3ry zgromadzi\u0142 111 pkt. Za nim uplasowali si\u0119 S\u0142awomir Knapski (99 pkt.) i Marek Bardzi\u0144ski (95 pkt.). W 2008 r. ca\u0142oroczn\u0105 rywalizacj\u0119 wygra\u0142 S\u0142awomir Knapski (190 pkt.) przed Edmundem Jaworkiem (184 pkt.) i Januszem G\u0119bal\u0105 (179 pkt.)<\/p><p dir=\"ltr\">W 2010 r. Lig\u0119 Strzelc\u00f3w wygra\u0142 Janusz Malinowski (194 pkt.). Kolejne miejsca zaj\u0119li Janusz Kryczka (193 pkt.) i Edmund Jaworek (187 pkt.). Comiesi\u0119czna rywalizacja strzelc\u00f3w przynios\u0142a bractwu przych\u00f3d w wysoko\u015bci 1710 z\u0142. W 2011 r. zwyci\u0119\u017cy\u0142a Beata G\u0119bala (209 pkt.) za ni\u0105 uplasowali si\u0119 Janusz G\u0119bala (204 pkt.) i Edmund Jaworek 195 pkt. W kolejnym roku ma\u0142\u017ce\u0144stwo znowu tryumfowa\u0142o w ca\u0142orocznych rozgrywkach, trzecie miejsce zaj\u0105\u0142 Janusz Kryczka.<\/p><p dir=\"ltr\">Nieco inn\u0105 form\u0105 propagowania strzelectwa jest organizacja zawod\u00f3w integracyjnych. W lipcu 2007 r. bractwo przeprowadzi\u0142o Strzelecki Turniej Integracyjny adresowany do zak\u0142ad\u00f3w pracy i urz\u0119d\u00f3w z powiatu czarnkowsko-trzcianeckiego. Wzi\u0119\u0142y w nim udzia\u0142 nast\u0119puj\u0105ce dru\u017cyny: Urz\u0105d Miasta Czarnk\u00f3w, Urz\u0105d Gminy Czarn\u00f3w, Nadle\u015bnictwo Trzcianka, Nadle\u015bnictwo Kurcz, STIHL I. Knapska, Tartak \u015amieszkowo, Instalatorstwo Sanitarne J. Dasuj, UTH Z. Zawadzki, LIDER Czarnk\u00f3w. Zawody dru\u017cynowe wygra\u0142a firma STIHL I. Knapska, drugie miejsce zaj\u0119\u0142a dru\u017cyna Tartaku \u015amieszkowo, a trzecie, po dogrywce dru\u017cyna UTH Z. Zawadzki. Przeprowadzone zosta\u0142y jeszcze indywidualne zawody w strzelaniu do tarczy punktowej i z karabinka pneumatycznego. Podobnie jak ka\u017cdy turniej organizowany przez czarnkowskie bractwo, tak i ten nie m\u00f3g\u0142 si\u0119 odby\u0107 bez strzelania do kura. W tej konkurencji najlepszy okaza\u0142 si\u0119 Maciej Matela, drugie miejsce zaj\u0105\u0142 Andrzej Glapi\u0144ski, a trzeci by\u0142 Andrzej Mierzejewski. Kolejny turniej rozegrany zosta\u0142 we wrze\u015bniu tego samego roku. W turnieju udzia\u0142 wzi\u0119\u0142a reprezentacja Sejmu i Senatu RP, w kt\u00f3rej najlepszy okaza\u0142 si\u0119 Adam Szejnfeld. W konkurencji dru\u017cynowej zwyci\u0119\u017cy\u0142a reprezentacja Nadle\u015bnictwa Kurcz przed firm\u0105 Tartak Kowal z Krucza i Nadle\u015bnictwem Trzcianka. Przeprowadzone zosta\u0142y tak\u017ce konkurencje indywidualne.W kolejnych latach bractwo strzeleckie troch\u0119 zaniedba\u0142o ten turniej, w efekcie w 2014 r. wzi\u0119\u0142o w nim udzia\u0142 tylko sze\u015b\u0107 dru\u017cyn. Rywalizacj\u0119 dru\u017cynow\u0105 wygra\u0142o Nadle\u015bnictwo Trzcianka, przed Tartakiem Derek z Kruszewa i firma UTH Z. Zawadzki. W turnieju uczestniczyli tak\u017ce reprezentanci Urz\u0119du Miasta Czarnk\u00f3w, Komendy Powiatowej Policji oraz firmy Antbud z Trzcianki.<\/p><p dir=\"ltr\">Od XIX stulecia doskona\u0142\u0105 okazj\u0105 do organizowania imprez strzeleckich, a zarazem integracji cz\u0142onk\u00f3w bractw kurkowych s\u0105 jubileusze. O ile czarnkowskie bractwo mo\u017ce poszczyci\u0107 si\u0119 prawie czterowiekow\u0105 histori\u0105. To w spos\u00f3b szczeg\u00f3lny obchodzone s\u0105 kolejne rocznice odrodzenia si\u0119 bractwa kurkowego w tym nadnoteckim mie\u015bcie. W lipcu 2008 r. obchodzono 10-lecie tego wydarzenia, a zarazem 360. rocznic\u0119 powo\u0142ania czarnkowskiej konfraterni. Tradycyjnie jubileuszowe obchody rozpocz\u0119\u0142a uroczysta msza \u015bwi\u0119ta odprawiona przez kapelana bractwa ks. Stanis\u0142awa Tomalik. Oficjalne uroczysto\u015bci odby\u0142y si\u0119 na strzelnicy bractwa. Uczestniczyli w niej lokalni samorz\u0105dowcy: Wies\u0142aw Marszewski \u2013 starosta czarnkowsko-trzcianecki i Franciszek Struga\u0142a \u2013 burmistrz Czarnkowa. Na uroczysto\u015bci nie mog\u0142o zabrakn\u0105\u0107 przedstawicieli bractw kurkowych z Polski i Niemiec oraz reprezentant\u00f3w Zjednoczenia Kurkowych Bractw Strzeleckich RP. Obchody jubileuszu 15-lecia reaktywacji czarnkowskiego bractwa kurkowego obchodzono 22 czerwca 2013 r. Uroczyste nabo\u017ce\u0144stwo odprawi\u0142 ks. proboszcz Krzysztof Sobkowiak. Oficjalna cz\u0119\u015b\u0107 obchod\u00f3w odby\u0142a si\u0119 na Placu Wolno\u015bci. Na r\u0119ce w\u0142adz bractwa z\u0142o\u017cone zosta\u0142y listy gratulacyjne od w\u0142adz samorz\u0105dowych, pos\u0142\u00f3w, lokalnych instytucji i organizacji oraz delegacji 16 bractw kurkowych. Jubileusz by\u0142 okazj\u0105 do wr\u0119czenia cz\u0142onkom bractwa Krzy\u017ca Zas\u0142ugi Zjednoczenia Kurkowych Bractw Strzeleckich RP. W poszczeg\u00f3lnych konkurencjach strzeleckich zwyci\u0119\u017cyli Zdzis\u0142aw Kaczmarek ze Swarz\u0119dza (Pistolet 9 mm), Jerzy Ma\u0142ka z Czarnego (Tarcza Punktowa), Tomasz Ro\u017cnowski z Budzynia (Tarcza Bracka). Z bractwa czarnkowskiego tryumfowali: Grzegorz Dziekan (Tarcza brata Tomasza Zajkowskiego), Janusz G\u0119bala (Tarcza Rocznicowa XV-lecia bractwa, Pistolet 5,6 mm), Janusz Kryczka (Tarcza Jubileuszowa brata S\u0142awomira Knapskiego, Tarcza Punktowa Losowa), Pawe\u0142 Przychodniak (Tarcza firmy LIDER),a sylwetk\u0119 kura zestrzeli\u0142 Ryszard Ka\u017amierczak.<\/p><p dir=\"ltr\">Cz\u0142onkowie czarnkowskiego bractwa uczestnicz\u0105 tak\u017ce w imprezach organizowanych przez Zjednoczenie Kurkowych Bractw Strzeleckich RP, innych bractw kurkowych w kraju i za granic\u0105 oraz w zawodach organizowanych przez Polski Zwi\u0105zek Strzelectwa Sportowego.<\/p><p dir=\"ltr\">W ramach og\u00f3lnopolskiej organizacji zrzeszaj\u0105cej bractwa kurkowe w Czarnkowie 17 wrze\u015bnia 2000 r. rozegrano strzelanie o tytu\u0142 Kr\u00f3la \u017bniwnego Okr\u0119gu Pozna\u0144skiego. Spo\u015br\u00f3d reprezentant\u00f3w z 23 bractw nale\u017c\u0105cych do okr\u0119gu tytu\u0142 kr\u00f3la \u017cniwnego wywalczy\u0142 Andrzej Szulc z Uj\u015bcia, jego rycerzami zostali Krzysztof Zimmer i Franciszek Kulik z Mosiny.<\/p><p dir=\"ltr\">Oczywi\u015bcie ka\u017cde zawody zorganizowane przez bractwo poci\u0105gaj\u0105 za sob\u0105 pewne koszty. Dlatego, ka\u017cdy kto chce odda\u0107 regulaminow\u0105 liczb\u0119 strza\u0142\u00f3w do wybranej tarczy musi ui\u015bci\u0107 okre\u015blon\u0105 kwot\u0119. W zale\u017cno\u015bci od rangi i rozmachu imprezy wystawiana jest r\u00f3\u017cna ilo\u015b\u0107 tarcz. Ka\u017cda z nich ma swoj\u0105 nazw\u0119: okre\u015blaj\u0105c\u0105 dla kogo jest przeznaczona (\u201eTarcza Pa\u0144 i M\u0142odzie\u017cy\u201d) lub rodzaj konkurencji (\u201ePistolet 9 mm\u201d), czy wreszcie wskazuj\u0105c\u0105 fundatora (\u201eTarcza Burmistrza Miasta Czarnk\u00f3w\u201d, \u201eTarcza Starosty Powiatu Czarnkowsko-Trzcianeckiego\u201d, \u201eTarcza jubileuszowa\u2026\u201d, \u201eTarcza urodzinowa\u2026\u201d). Kwota uzyskana w ten spos\u00f3b pokrywa poniesione koszty, a ewentualna nadwy\u017cka trafia do kasy bractwa. Podczas Turnieju Zielono\u015bwiatkowego w 2009 r. wstawiono nast\u0119puj\u0105ce tarcze: Tarcza Kr\u00f3lewska (50 z\u0142), Tarcza Jubileuszowa Siostry Heleny Jasi\u0144skiej-Przychodniak (30 z\u0142), Tarcza Punktowa 100 m (30 z\u0142), Tarcza Bracka (10 z\u0142), Tarcza Kr\u00f3la Kurkowego 2008 (10 z\u0142), Tarcza Mistrza Bractwa (20 z\u0142), Tarcza Punktowa 50 m (10 z\u0142), Pistolet 5,6 mm (10 z\u0142), Strzelanie do kura (15 z\u0142). Bezp\u0142atnie mo\u017cna by\u0142o strzela\u0107 z karabinku pneumatycznego. Zawody te przynios\u0142y bractwu doch\u00f3d prawie 1541 z\u0142.<\/p><p dir=\"ltr\">W 2011 r. przychody z imprez strzeleckich wynios\u0142y 23 tys. z\u0142 po odliczeniu wydatk\u00f3w w kasie bractwa pozosta\u0142o 5.449,25 z\u0142. Najwi\u0119kszy zysk przynios\u0142y Turniej \u201eNa \u015bw. Marcin\u201d (2.351,93 z\u0142) i Strzelanie rocznicowe (1.717,90 z\u0142) nieco mniejszy doch\u00f3d osi\u0105gni\u0119to z Turnieju Zielono\u015bwi\u0105tkowego (863,34 z\u0142).\u00a0 Na koszt imprez sk\u0142adaj\u0105 si\u0119, m.in. wydatki aprowizacyjne, malowanie tarcz, wynagrodzenie s\u0119dzi\u00f3w, czy zakup amunicji. Szczeg\u00f3\u0142owych danych odno\u015bnie tego ostatniego zagadnienia dostarczaj\u0105 nam coroczne sprawozdania strzelmistrza przedstawiane na walnym zgromadzeniu. Przyk\u0142adowo w 2013 r. podczas 6 imprez strzeleckich wystrzelano 2.304 szt. naboi 5,6 mm, 234 szt. naboi 9 mm P, 3 szt. 36 SP, 69 szt. naboi 222 Rem oraz 486 szt. 223 Rem. Koszt wystrzelanej amunicji wyni\u00f3s\u0142 2.081,46 z\u0142. Bez w\u0105tpienia imprez\u0105 strzeleck\u0105, kt\u00f3ra przynios\u0142a niezadowalaj\u0105cy wynik finansowy, by\u0142 turniej w ramach Zjazdu Delegat\u00f3w Zjednoczenia KBS RP w 2005 r. O ile zjazd pod wzgl\u0119dem organizacyjnym wypad\u0142 bardzo dobrze, to burzliwe obrady i wynik\u0142e nieporozumienia sprawi\u0142y, \u017ce frekwencja na strzelnicy by\u0142a du\u017co ni\u017csza ni\u017c pierwotnie zak\u0142adano.<\/p><p dir=\"ltr\">Turnieje strzeleckie mia\u0142y s\u0142u\u017cy\u0107 tak\u017ce bardziej wznios\u0142ym celom. Dlatego zarz\u0105d bractwa na posiedzeniu 17 lutego 2003 r. postanowi\u0142, aby podczas ka\u017cdego turnieju wystawiana by\u0142a tarcza charytatywna, z kt\u00f3rej zyski przeznaczone zostan\u0105 na pomoc dla dzieci i m\u0142odzie\u017cy. W 2005 r. bracia strzelcy przekazali zebrane w ten spos\u00f3b pieni\u0105dze dw\u00f3m podopiecznym lokalnych dom\u00f3w dziecka. Natalka z Domu Dziecka w Krzy\u017cu otrzyma\u0142a 1000 z\u0142 na dofinansowanie pobytu rehabilitacyjnego. Tak\u0105 sam\u0105 kwot\u0119 otrzyma\u0142a Iza z Domu Dziecka w Trzciance na zakup aparatu ortodontycznego. Niestety 27 lutego 2009 r. walne zgromadzenie zadecydowa\u0142o, aby nie wystawia\u0107 tarcz charytatywnych. Podj\u0119to uchwa\u0142\u0119, aby cz\u0119\u015b\u0107 ze zgromadzonej dotychczas kwoty przeznaczy\u0107 na cele dobroczynne. Reszta mia\u0142a pokry\u0107 koszty remontu osi karabinka pneumatycznego na strzelnicy.<\/p><p dir=\"ltr\">Kurkowe Bractwo Strzeleckie w Czarnkowie podejmuje tak\u017ce inne dzia\u0142ania o charakterze kulturalno-o\u015bwiatowym. Przede wszystkim jego cz\u0142onkowie staraj\u0105 si\u0119 popularyzowa\u0107 wiedz\u0119 o ruchu brackim, m.in. urz\u0105dzaj\u0105c wystawy muzealne. W 2001 r. w Muzeum Ziemi Czarnkowskiej zosta\u0142a otwarta wystawa podsumowuj\u0105ca trzyletni\u0105 dzia\u0142alno\u015b\u0107 odrodzonego towarzystwa. Wprowadzenia w zagadnienie bractw kurkowych w Polsce dokona\u0142a kustosz muzeum Gra\u017cyna Cybulska-Sitek. Natomiast szczeg\u00f3\u0142owo o funkcjonowaniu bractwa opowiada\u0142 jego prezes i inicjator jego powo\u0142ania \u2013 Pawe\u0142 Przychodniak. Na wystawie zaprezentowano historyczne i wsp\u00f3\u0142czesne dokumenty oraz nagrody wywalczone przez czarnkowskich strzelc\u00f3w na r\u00f3\u017cnorakich imprezach strzeleckich.<\/p><p dir=\"ltr\">W pierwszych latach swojej dzia\u0142alno\u015bci Kurkowe bractwo Strzeleckie by\u0142o organizatorem Bali Sylwestrowych ( na zako\u0144czenie 1999, 2001, 2003 i 2004roku) oraz organizowa\u0142o dla braci i Ich rodzin kuligi i pikniki.<\/p><p>\u00a0<\/p><p dir=\"ltr\">5. M\u0142odzie\u017cowa Dru\u017cyna Strzelecka<\/p><p dir=\"ltr\">Ustawa o stowarzyszeniach z 1989 r. daje mo\u017cliwo\u015b\u0107 nale\u017cenia do stowarzysze\u0144 osobom ma\u0142oletnim w wieku 16-18 lat. Osoby poni\u017cej 16 roku \u017cycia mog\u0105 by\u0107 w stowarzyszeniach, ale nie mog\u0105 korzysta\u0107 z czynnego i biernego prawa wyborczego do w\u0142adz stowarzyszenia oraz nie maj\u0105 prawa g\u0142osu na walnych zebraniach cz\u0142onk\u00f3w.\u00a0<\/p><p dir=\"ltr\">Wsp\u00f3\u0142praca czarnkowskiego bractwa z m\u0142odzie\u017c\u0105 rozpocz\u0119\u0142a si\u0119 dosy\u0107 szybko. Ju\u017c w kwietniu1999 r. na strzelnic\u0119 zostali zaproszeni druhowie z Dru\u017cyny Harcerskiej im. Jana Kili\u0144skiego przy Szkole Podstawowej nr 1. Umundurowani przedstawiciele bractwa: Pawe\u0142 Przychodniak, Helena Jasi\u0144ska-Przychodniak, Janusz Malinowski i S\u0142awomir Knapski przygotowali dla nich zawody strzeleckie. Harcerze po raz pierwszy strzelali z wiatr\u00f3wek i karabinu pneumatycznego. W strzelaniu do tarczy najlepszy wynik osi\u0105gn\u0105\u0142 Fryderyk Sikora, tu\u017c za nim by\u0142a Monika Czechowska i Marta Ruta. Rywalizacj\u0119 o tytu\u0142 Harcerskiego Kr\u00f3la Kurkowego wygra\u0142 Fryderyk Godawa przed Monik\u0105 Czechowsk\u0105 i Paulin\u0105 Pawlusi\u0144sk\u0105.<\/p><p dir=\"ltr\">Kolejne kroki w\u0142adz bractwa zmierza\u0142y do czynnego w\u0142\u0105czenia m\u0142odzie\u017cy w \u017cycie bractwa strzeleckiego. W kwietniu 2001 r. walne zgromadzenie podj\u0119\u0142o decyzj\u0119 w sprawie utworzenia przy bractwie m\u0142odzie\u017cowej sekcji strzeleckiej. Plany te po kilku latach uleg\u0142y pewnej modyfikacji w pa\u017adzierniku 2004 r. rozpocz\u0105\u0142 si\u0119 nab\u00f3r do M\u0142odzie\u017cowej Dru\u017cyny Strzeleckiej (dalej MDS) Kurkowego Bractwa Strzeleckiego w Czarnkowie. Impulsem do jej za\u0142o\u017cenia by\u0142y XIV Europejskie Spotkania Historycznych Strzelc\u00f3w w V\u00f6cklabruck w Austrii w 2003 r. Podczas zjazdu historycznych strzelc\u00f3w z ca\u0142ej Europy w rywalizacji o tytu\u0142 Europejskiego Kr\u00f3la Strzelc\u00f3w zwyci\u0119\u017cy\u0142 Polak Roman Rybacki z Rybnika. Wtedy te\u017c po raz pierwszy odby\u0142o si\u0119 strzelanie o tytu\u0142 Europejskiego M\u0142odzie\u017cowego Kr\u00f3la Strzelc\u00f3w.<\/p><p dir=\"ltr\">Zadaniem MDS by\u0142o podtrzymywanie tradycji bractwa strzeleckiego. Dzia\u0142alno\u015b\u0107 w jej szeregach mia\u0142a w m\u0142odych ludziach kszta\u0142towa\u0107 poczucie patriotyzmu, wi\u0119zi kole\u017ce\u0144skie, oraz umiej\u0119tno\u015b\u0107 dzia\u0142ania w grupie. Po\u015brednio dru\u017cyna m\u0142odzie\u017cowa mia\u0142a w przysz\u0142o\u015bci przysporzy\u0107 bractwu nowych cz\u0142onk\u00f3w. W szeregi MDS mog\u0142y zosta\u0107 przyj\u0119te osoby w wieku od 13 do 25 lat, kt\u00f3rym bliska by\u0142a dzia\u0142alno\u015b\u0107 czarnkowskiego bractwa strzeleckiego. M\u0142odzi ludzie chc\u0105c wst\u0105pi\u0107 w szeregi dru\u017cyny sk\u0142ada\u0142y pisemn\u0105 deklaracj\u0119 do zarz\u0105du MDS, je\u017celi nie mia\u0142y uko\u0144czone 18 roku \u017cycia konieczna by\u0142a tak\u017ce zgoda rodzic\u00f3w. O przyj\u0119ciu decydowa\u0142 zarz\u0105d bractwa na wniosek zarz\u0105du MDS. Pe\u0142ni\u0119 praw cz\u0142onkowie MDS otrzymywali po z\u0142o\u017ceniu \u015blubowania wobec ca\u0142ej spo\u0142eczno\u015bci brackiej. Od tego momentu przys\u0142ugiwa\u0142 im tak\u017ce str\u00f3j organizacyjny ustalony przez zarz\u0105d bractwa. Dru\u017cyna m\u0142odzie\u017cowa mia\u0142a swojego opiekuna, kt\u00f3ry sprawowa\u0142 nadz\u00f3r nad jej dzia\u0142alno\u015bci\u0105. Decyzj\u0105 zarz\u0105du bractwa, z marca 2005 r. pierwszym opiekunem MDS zosta\u0142 Grzegorz Norkowski, a pierwszych cz\u0142onk\u00f3w MDS miano zapisywa\u0107 na strzelaniu rocznicowym. Zarz\u0105d bractwa zorganizowanie i prowadzenie MDS powierzy\u0142 Jerzemu Przychodniakowi, Magdalenie Zawadzkiej i Rados\u0142awowi Cichorkowi. Osoby te niejednokrotnie bra\u0142y czynny udzia\u0142 w imprezach organizowanych przez bractwo i anga\u017cowa\u0142y si\u0119 w jego dzia\u0142alno\u015b\u0107.<\/p><p dir=\"ltr\">Spos\u00f3b funkcjonowania MDS okre\u015bla\u0142 regulamin zgodnie, z kt\u00f3rym najwy\u017csz\u0105 w\u0142adz\u0105 dru\u017cyny by\u0142o walne zebranie obraduj\u0105ce przed Zielonymi \u015awi\u0105tkami. W okresie mi\u0119dzy walnymi zebraniami w\u0142adz\u0119 sprawowa\u0142 zarz\u0105d wybierany na dwuletni\u0105 kadencj\u0119. W sk\u0142ad pierwszego zarz\u0105du weszli: Jerzy Przychodniak \u2013 przewodnicz\u0105cy, Rados\u0142aw Cichorek \u2013 wiceprzewodnicz\u0105cy ds. strzela\u0144, Magda Zawadzka \u2013 skarbnik, \u0141ukasz J\u00f3\u017awiak \u2013 sekretarz, Mateusz Knapski, Iwona Janicka i Hubert Przychodniak \u2013 radni.<\/p><p dir=\"ltr\">Wszystkie uchwa\u0142y podj\u0119te w trakcie walnego zebrania MDS wymaga\u0142y akceptacji opiekuna dru\u017cyny oraz prezesa bractwa. G\u0142\u00f3wnym zadaniem walnego zebrania MDS, opr\u00f3cz wyboru zarz\u0105du i ustalenia wysoko\u015bci sk\u0142adek, by\u0142o ustalenie planu dzia\u0142ania i kalendarza strzela\u0144 na najbli\u017cszy rok. Podczas walnego zebrania bractwa przewodnicz\u0105cy MDS, sk\u0142ada\u0142 sprawozdanie z dzia\u0142alno\u015bci dru\u017cyny. W pierwszym roku dzia\u0142alno\u015bci postanowiono wdro\u017cy\u0107 program wsp\u00f3\u0142dzia\u0142ania z czarnkowskim bractwem poprzez udzia\u0142 we wszystkich organizowanych imprezach strzeleckich. Ponadto cz\u0142onkowie MDS na pocz\u0105tku sierpnia mieli wyjecha\u0107 na biwak i wzi\u0105\u0107 udzia\u0142 w imprezie zorganizowanej przez M\u0142odzie\u017cowego Kr\u00f3la Kurkowego. Przez ca\u0142y czas cz\u0142onkowie dru\u017cyny m\u0142odzie\u017cowej mieli podnosi\u0107 umiej\u0119tno\u015bci strzeleckie, pracowa\u0107 nad kultur\u0105 osobist\u0105, rozwija\u0107 wiedz\u0119 patriotyczn\u0105 i chrze\u015bcija\u0144sk\u0105, propagowa\u0107 idee brackie w\u015br\u00f3d znajomych oraz nawi\u0105za\u0107 kontakty z dru\u017cynami dzia\u0142aj\u0105cymi przy innych bractwach.<\/p><p dir=\"ltr\">Cz\u0142onkowie MDS publicznie wyst\u0105pili ju\u017c 1 maja 2005 r. Wzi\u0119li wtedy udzia\u0142 w uroczysto\u015bci po\u015bwieceniu sztandaru Kurkowego Bractwa Strzeleckiego w Margoninie. W 2005 r. cz\u0142onkowie MDS po raz pierwszy rywalizowali tak\u017ce o tytu\u0142y kr\u00f3lewskie. Kr\u00f3lem 3-Maja zosta\u0142 Rados\u0142aw Cichorek, godno\u015b\u0107 I rycerza wywalczy\u0142 Jerzy Przychodniak, a II rycerza Hubert Przychodniak. Natomiast tytu\u0142 Kr\u00f3la M\u0142odzie\u017cowej Dru\u017cyny Strzeleckiej wywalczy\u0142a Samanta Cie\u015blik, a jej rycerzami zostali \u0141ukasz J\u00f3\u017awiak i Adam Sikora. W 2006 r. w rywalizacji o tytu\u0142 Kr\u00f3la 3-Maja zwyci\u0119\u017cy\u0142 Piotr Dziekan, rycerzami zostali Iwona Janicka i Monika Glapi\u0144ska. Z kolei w zawodach o godno\u015b\u0107 Kr\u00f3la M\u0142odzie\u017cowego tryumfowa\u0142a Dobrochna Cie\u015blik, przed Marcinem Zawadzkim i Monik\u0105 Glapi\u0144sk\u0105. Warto zaznaczy\u0107, \u017ce w Czarnkowie w 2005 r. w ramach zjazdu delegat\u00f3w Zjednoczenia Kurkowych Bractw Strzeleckich RP odby\u0142a sie tak\u017ce pierwsza w historii rywalizacja o tytu\u0142 M\u0142odzie\u017cowego Kr\u00f3la Zjednoczenia, kt\u00f3rym zosta\u0142 Pawe\u0142 \u0141apawa a II Rycerzem cz\u0142onek MDS w Czarnkowie Wojciech Bonk.<\/p><p dir=\"ltr\">Jednym z zada\u0144 dru\u017cyny m\u0142odzie\u017cowej, by\u0142o pozyskanie nowych cz\u0142onk\u00f3w. Pierwsz\u0105 osob\u0105, kt\u00f3ra w ten spos\u00f3b zasili\u0142a szeregi bractwa by\u0142a Magdalena Zawadzka. W 2006 r. zarz\u0105d MDS zwr\u00f3ci\u0142 si\u0119 do zarz\u0105du bractwa o przyjecie jej w szeregi cz\u0142onk\u00f3w, poniewa\u017c uko\u0144czy\u0142a 25 lat i nie mog\u0142a ju\u017c nale\u017ce\u0107 do dru\u017cyny m\u0142odzie\u017cowej. Cz\u0142onkowie zarz\u0105du bractwa 27 kwietnia 2006 r. przychylili si\u0119 do tej pro\u015bby. W ten sam spos\u00f3b w szeregi brackie zosta\u0142 przyj\u0119ty Jerzy Przychodniak w ? r.<\/p><p dir=\"ltr\">Pierwszy rok funkcjonowania dru\u017cyny m\u0142odzie\u017cowej zarz\u0105d bractwa oceni\u0142 bardzo pozytywnie. Doros\u0142ym cz\u0142onkom bractwa dobrze wsp\u00f3\u0142pracowa\u0142o sie z m\u0142odzie\u017c\u0105 \u2013 ufundowali im \u0142a\u0144cuch M\u0142odzie\u017cowego Kr\u00f3la Kurkowego oraz inne odznaczenia i nagrody. Z kolei m\u0142odzie\u017c pomaga\u0142a w organizacji imprez brackich i s\u0119dziowaniu zawod\u00f3w strzeleckich, w zamian za to mog\u0142a korzysta\u0107 ze strzelnicy.\u00a0<\/p><p dir=\"ltr\">Niestety po roku dzia\u0142alno\u015bci pojawi\u0142y si\u0119 pierwsze problemy \u2013 zmala\u0142o zaanga\u017cowanie w \u017cycie towarzyskie bractwa, rezygnacj\u0119 z pe\u0142nionych funkcji z\u0142o\u017cy\u0142y trzy cz\u0142onkinie zarz\u0105du MDS. W 2007 r. z powodu braku odpowiedniego nadzoru ze strony braci i si\u00f3str, by\u0107 mo\u017ce wi\u0119kszej integracji dru\u017cyna m\u0142odzie\u017cowa w zasadzie zawiesi\u0142a swoj\u0105 dzia\u0142alno\u015b\u0107. Dopiero w 2014 r. deklaracje wst\u0105pienia do MDS z\u0142o\u017cyli: Artur Szynter, Artur Cichorek, Sebastian Szaterski, Grzegorz F\u0105ferek. W nast\u0119pnym roku to samo uczynili: Maksymilian Byty\u0144, Krystian Golik, Natalia Szynter, Dariusz Szynter, Kamil Suchomski. W bractwie zauwa\u017cono, tak\u017ce wzrost zainteresowania sportem strzeleckim w\u015br\u00f3d m\u0142odzie\u017cy, kt\u00f3ra coraz ch\u0119tniej odwiedza\u0142a strzelnic\u0119, by \u0107wiczy\u0107 swe \u201eoko i d\u0142onie\u201d. Niestety to zainteresowanie trwa\u0142o bardzo kr\u00f3tko. Na dzie\u0144 dzisiejszy M\u0142odzie\u017cowa Dru\u017cyna Strzelecka przesta\u0142a istnie\u0107.<\/p><p>\u00a0<\/p><p dir=\"ltr\">6.\u00a0<\/p><p dir=\"ltr\">Na pocz\u0105tku wspominaj\u0105c o przyj\u0119ciu czarnkowskiego bractwa w szeregi Zjednoczenia Kurkowych Bractw Strzeleckich Rzeczypospolitej Polskiej, podkre\u015bli\u0142em, \u017ce mia\u0142o ono sw\u00f3j udzia\u0142 w rozwoju tej organizacji. Opr\u00f3cz wysy\u0142ania delegat\u00f3w na kolejne zjazdy i kongresy, bractwo mia\u0142o swojego reprezentanta we w\u0142adzach og\u00f3lnopolskiej organizacji. Podczas obraduj\u0105cego w Tucholi IX Kongresu Zjednoczenia Kurkowych Bractw Strzeleckich Rzeczypospolitej Polskiej (30 czerwca-1 lipca 2000 r.) w sk\u0142ad zarz\u0105du tej organizacji, delegaci na funkcj\u0119 strzelmistrza wybrali prezesa czarnkowskiego bractwa Paw\u0142a Przychodniaka. Funkcj\u0119 t\u0119 sprawowa\u0142 do 2009 r. Nowy strzelmistrz przyczyni\u0142 si\u0119 do wypracowania, a nast\u0119pnie przyj\u0119cia Regulaminu Strzelniczego Zjednoczenia Kurkowych Bractw Strzeleckich Rzeczypospolitej Polskiej. Pawe\u0142 Przychodniak na Zje\u017adzie Delegat\u00f3w Zjednoczenia Kurkowych Bractw Strzeleckich Rzeczypospolitej Polskiej, kt\u00f3ry odby\u0142 si\u0119 we Wrze\u015bni w dniach 19-20 maja 2001 r. przewodniczy\u0142 on zespo\u0142owi tematycznemu ds. strzelectwa. Poszczeg\u00f3lne zespo\u0142y dyskutowa\u0142y nad przysz\u0142o\u015bci\u0105 og\u00f3lnopolskiej organizacji i wypracowa\u0142y \u201eDokument Ko\u0144cowy Konferencji Programowej Zjednoczenia Kurkowych Bractw Strzeleckich Rzeczypospolitej Polskiej \u00bb700 lat tradycji, 10 lat tera\u017aniejszo\u015bci, a co dalej?\u00ab\u201d. W preambule dokumentu napisano: \u201eMy, zjednoczeni polscy strzelcy kurkowi uznaj\u0105c za najwa\u017cniejsze nasz\u0105 ponad siedemsetletni\u0105 tradycj\u0119, wdzi\u0119czni przodkom za patriotyzm i wiar\u0119, doceniaj\u0105c nasz\u0105 wsp\u00f3lnie przebyt\u0105 od reaktywowania drog\u0119, my\u015blami i wzrokiem pod\u0105\u017caj\u0105c ku przysz\u0142o\u015bci uchwalamy niniejszy dokument\u201d. W obszarze strzelectwa zaznaczono, \u017ce bractwa kurkowe b\u0119d\u0105: kontynuowa\u0142y i piel\u0119gnowa\u0142y tradycje strzelania obywatelskiego w celu utrzymania gotowo\u015bci bojowej dla obrony kraju; utrzymywa\u0142y i rozwija\u0142y baz\u0119 strzeleck\u0105, rywalizowa\u0142y w zawodach ze wsp\u00f3\u0142czesnej broni strzeleckiej, broni czarnoprochowej i miotaj\u0105cej, zachowywa\u0142y podczas zawod\u00f3w zasady honoru i braterstwa; w\u0142\u0105cza\u0142y do swych zmaga\u0144 strzeleckich spo\u0142eczno\u015b\u0107 lokaln\u0105, a zw\u0142aszcza m\u0142odzie\u017c. Bractwa strzeleckie, w celu zapewnienia ci\u0105g\u0142o\u015bci swojej dzia\u0142alno\u015bci, mia\u0142y zach\u0119ca\u0107 do czynnego udzia\u0142u m\u0142odzie\u017c i cz\u0142onk\u00f3w rodzin braci kurkowych. Ponadto mile widziana by\u0142a wsp\u00f3\u0142praca ze szko\u0142ami i innymi organizacjami strzeleckimi w kraju i zagranic\u0105. Zjednoczenie KBS RP zobowi\u0105za\u0142o si\u0119 do rozwoju kadry szkoleniowej, aby zawody strzeleckie by\u0142y przeprowadzane na najwy\u017cszym poziomie. w dziedzinie kultury bractwa kurkowe, opr\u00f3cz kultywowania dawnych tradycji i podkre\u015blania polskiego charakteru, wynikaj\u0105cego z tysi\u0105cletniej historii i chrze\u015bcija\u0144skich korzeni Pa\u0144stwa Polskiego, zobowi\u0105zywa\u0142y si\u0119 do wspierania dzia\u0142alno\u015bci kulturalnej i charytatywnej. W programach imprez strzeleckich mia\u0142y by\u0107 uwzgl\u0119dniane r\u00f3\u017cnego rodzaju imprezy kulturalne integruj\u0105ce braci strzelc\u00f3w i spo\u0142eczno\u015b\u0107 lokaln\u0105. Cz\u0142onkowie bractw strzeleckich swym zachowaniem mieli utrzyma\u0107 etyczny i pozytywny wizerunek \u201ebrata kurkowego\u201d, a same organizacje swe szeregi powinny zasila\u0107 osobami, kt\u00f3re s\u0105 \u201ewzorem szlachetnych cn\u00f3t obywatelskich\u201d .<\/p><p dir=\"ltr\">W 2005 r. Zjazd Delegat\u00f3w Zjednoczenia Kurkowych Bractw Strzeleckich Rzeczypospolitej Polskiej odby\u0142 si\u0119 w Czarnkowie. Podczas obrad, kt\u00f3re odby\u0142y si\u0119 24 czerwca podsumowano kolejny rok dzia\u0142alno\u015bci og\u00f3lnopolskiej organizacji. W obradach, opr\u00f3cz przedstawicieli lokalnych w\u0142adz, uczestniczy\u0142a 15-osobowa delegacja braci strzelc\u00f3w z Chorwacji reprezentuj\u0105cych Zwi\u0105zek Historycznych Jednostek Wojska Chorwackiego. Po przedstawieniu sprawozda\u0144 zarz\u0105d Zjednoczenia Kurkowych Bractw Strzeleckich Rzeczypospolitej Polskiej otrzyma\u0142 absolutorium. W swoim sprawozdaniu prezes A. Wegner zwr\u00f3ci\u0142 uwag\u0119 na konieczno\u015b\u0107 opracowania zasad organizowania i prowadzenia zawod\u00f3w z broni czarnoprochowej, kt\u00f3ra stawa\u0142a si\u0119 coraz bardziej popularna w szeregach braci kurkowej. Wyrazi\u0142 swoje uznanie dla intensywnej pracy z m\u0142odzie\u017c\u0105 i tworzenia kolejnych sekcji dla adept\u00f3w strzelania, co zaowocowa\u0142o rozpocz\u0119ciem rywalizacji o tytu\u0142 M\u0142odzie\u017cowego Kr\u00f3la Zjednoczenia. Obrady zjazdu delegat\u00f3w by\u0142y bardzo burzliwe, poruszono wiele dra\u017cni\u0105cych kwestii. Przerzucanie si\u0119 kolejnymi zarzutami przez delegat\u00f3w popsu\u0142o atmosfer\u0119 w\u015br\u00f3d uczestnik\u00f3w zjazdu i niekorzystnie wp\u0142yn\u0119\u0142o na frekwencj\u0119 zawod\u00f3w strzeleckich. Pierwsz\u0105 kwesti\u0105, jak\u0105 poruszono, by\u0142o wydarzenie, kt\u00f3re g\u0142o\u015bnym echem odbi\u0142o si\u0119 w og\u00f3lnopolskich mediach. Ot\u00f3\u017c Andrzej Turowicz z Towarzystwa Strzeleckiego \u201eBractwa Kurkowego\u201d w Krakowie z\u0142o\u017cy\u0142 wniosek o wykluczenie Bractwa Kurkowego w Rawiczu, za niefortunne strzelanie o tytu\u0142 kr\u00f3la kurkowego. Bracia strzelali do tarczy, na kt\u00f3rej namalowany by\u0142 wizerunek papie\u017ca Jana Paw\u0142a II. Usprawiedliwiaj\u0105c dzia\u0142anie swojego bractwa strzeleckiego Tadeusz Paw\u0142owski (starszy) zaznaczy\u0142, \u017ce nie by\u0142o zamiarem braci strzelc\u00f3w sprofanowanie osoby zmar\u0142ego w 2005 r. papie\u017ca, a spo\u015br\u00f3d 28 strza\u0142\u00f3w oddanych do tarczy 27 trafi\u0142o w pole. Starszy rawickiego bractwa przeprosi\u0142 wszystkich, kt\u00f3rzy poczuli si\u0119 dotkni\u0119ci zaistnia\u0142\u0105 sytuacja, zaznaczy\u0142 przy tym, \u017ce wys\u0142a\u0142 stosowne o\u015bwiadczenia do medi\u00f3w. Dlatego pad\u0142a propozycja wprowadzenia zakazu strzelania do tarcz z wizerunkiem postaci. Post\u0119powanie braci z Rawicza, jak zaznaczy\u0142 prezes og\u00f3lnopolskiej organizacji, \u201e\u015bci\u0105gn\u0119\u0142o na wszystkie bractwa strzeleckie symptomy spo\u0142ecznej infamii\u201d, czego winowajcy \u201eupokorzeni ponad miar\u0119 nie s\u0105 w stanie zrozumie\u0107\u201d. Spraw\u0119 rawickiego bractwa chciano skierowa\u0107 do s\u0105du honorowego, ale ostatecznie poddano pod g\u0142osowanie wniosek o jego wykluczenie z szereg\u00f3w Zjednoczenia KBS RP. Delegaci wykazali zrozumienie, dla sytuacji, w kt\u00f3rej znalaz\u0142o si\u0119 rawickie bractwo strzeleckie i odrzucili wniosek stosunkiem g\u0142os\u00f3w: \u201eza\u201d \u2013 7, \u201eprzeciw\u201d \u2013 43, wstrzyma\u0142o sie 11 delegat\u00f3w, ale jednocze\u015bnie skierowali spraw\u0119 do s\u0105du honorowego. W wolnych g\u0142osach, kolejny raz pojawi\u0142a si\u0119 krytyka dzia\u0142alno\u015bci zarz\u0105du Zjednoczenia Kurkowych Bractw Strzeleckich Rzeczypospolitej Polskiej dotycz\u0105ca, m.in. prawid\u0142owo\u015bci wyboru Tucholi na organizatora XVII Europejskich Spotka\u0144 Historycznych Strzelc\u00f3w, zasadno\u015bci wydatkowania \u015brodk\u00f3w finansowych. Niekt\u00f3rzy delegaci zostali oskar\u017ceni o agenturaln\u0105 przesz\u0142o\u015b\u0107 w organach bezpiecze\u0144stwa PRL. Naganne zachowania i postaw\u0119 nie przystaj\u0105c\u0105 do braci strzelc\u00f3w pi\u0119tnowa\u0142 w swym sprawozdaniu prezes A. Wegner. Poprosi\u0142 on braci kurkowych gromadz\u0105cych si\u0119 pod has\u0142em \u201eW jedno\u015bci si\u0142a\u201d, aby razem dzia\u0142ali na rzecz rozwoju \u201ewielkiej rodziny strzeleckiej\u201d. Burzliwe obrady zjazdu, przyczyni\u0142y si\u0119 do zorganizowania przez zarz\u0105d Zjednoczenia Kurkowych Bractw Strzeleckich Rzeczypospolitej Polskiej konferencji programowej pt. Refleksja nad przesz\u0142o\u015bci\u0105 o przysz\u0142o\u015bci. Odby\u0142a si\u0119 ona w grudniu 2005 r. w Margoninie.<\/p><p dir=\"ltr\">W 1997 r. na posiedzeniu plenarnym EGS doceniono zaanga\u017cowanie i dzia\u0142alno\u015b\u0107 Zjednoczenia Kurkowych Bractw Strzeleckich Rzeczypospolitej Polskiej, kt\u00f3re zosta\u0142o upowa\u017cnione do reprezentowania europejskiej organizacji strzeleckiej w Regionie V obejmuj\u0105cym kraje Europy \u015arodkowo-Wschodniej. Dwa lata p\u00f3\u017aniej Andrzej Wegner \u2013 prezes Zjednoczenia KBS RP zosta\u0142 mianowany sekretarzem regionalnym i cz\u0142onkiem prezydium EGS. Na barkach og\u00f3lnopolskiej organizacji spocz\u0119\u0142o zadanie zjednoczenia ruchu brackiego dzia\u0142aj\u0105cych w Regionie V. Nawi\u0105zane zosta\u0142y kontakty z organizacjami o podobnym charakterze z Chorwacji, Czech, Ukrainy. Gdy 2010 r. Andrzej Wegner \u2013 prezes honorowy Zjednoczenia KBS RP \u2013 zosta\u0142 wybrany wiceprezydentem EGS. Jego miejsce na stanowisku sekretarza Regionu V zaj\u0105\u0142 prezes czarnkowskiego bractwa Pawe\u0142 Przychodniak.\u00a0<\/p><p dir=\"ltr\">Przy Europejskiej Wsp\u00f3lnocie Historycznych Strzelc\u00f3w dzia\u0142a Rycerstwo \u015awi\u0119tego Sebastiana w Europie skupiaj\u0105ce osoby \u015bwieckie i duchowne.\u00a0 Rycerstwo, kieruje si\u0119 dewiz\u0105 \u201ePro Deo &#8211; Pro Europea Christianum Unitatis &#8211; Poro Vita\u201d zwi\u0105zane jest bezpo\u015brednio<\/p><p dir=\"ltr\">z ko\u015bcio\u0142em, d\u0105\u017cy do jedno\u015bci chrze\u015bcija\u0144skiej Europy i wzywa wszystkich ludzi do czynnego wysi\u0142ku na rzecz jedno\u015bci europejskiej. Dzia\u0142alno\u015bci\u0105 rycerstwa kieruje Wielki Mistrz \u2013 arcyksi\u0105\u017c\u0119 Karl von Habsburg, wraz z biskupem Guillaume Marie van Zuylen<\/p><p dir=\"ltr\">z Luttich. Zasadniczym celem rycerstwa jest wspieranie finansowe \u2013 EGS oraz dzia\u0142alno\u015b\u0107 spo\u0142eczna i charytatywna. Uroczyste przyj\u0119cie do rycerstwa, zwane inwestytur\u0105, nast\u0119puje na uzasadnion\u0105 propozycj\u0119 kapitu\u0142y i zawsze odbywa si\u0119 w \u015bwi\u0105tyni w mie\u015bcie, kt\u00f3re zosta\u0142o wyznaczone na miejsce dokonania tego uroczystego aktu. Struktura zakonu jest zbli\u017cona do podzia\u0142u regionalnego EGS. Komandorem Komandorii V jest Pawe\u0142 Przychodniak. Z czarnkowskiego bractwa Rycerzami Zakonu \u015bw. Sebastiana s\u0105: Helena Jasi\u0144ska-Przychodniak i Pawe\u0142 Przychodniak,\u00a0<\/p><p>\u00a0<\/p><p dir=\"ltr\">Przynale\u017cno\u015b\u0107 do tych organizacji, wi\u0105\u017ce sie z mo\u017cliwo\u015bci\u0105 udzia\u0142u w uroczysto\u015bciach strzeleckich o zasi\u0119gu europejskim, jakimi s\u0105 Europejskie Spotkania Historycznych Strzelc\u00f3w. Pierwsze, w jakich wzi\u0119li udzia\u0142 reprezentanci czarnkowskiego bractwa by\u0142y te organizowane przez Towarzystwo Strzeleckie \u201eBractwo Kurkowe\u201d w Krakowie w 1998 r. Delegacji bractwa nie mog\u0142o r\u00f3wnie\u017c zabrakn\u0105\u0107 na kolejnych Europejskich Spotkaniach Historycznych Strzelc\u00f3w w niemieckim Garrel (2000r.), austriackim V\u00f6ecklabruck (2003 r.), holenderskim Heeswijk (2006 r.), belgijskim Kinrooi (2009 r.), Tucholi (2012 r.), niemieckim Peine (2015 r.). W wyje\u017adzie do Garrel uczestniczyli Benedykt M\u0142ynarczyk, Ryszard Ka\u017amierczak Dariusz i Ewa Soplowie, Marian Pertek, Pawe\u0142 Przychodniak i Helena Jasi\u0144ska-Przychodniak, Zbigniew i Helena Gruszkiewiczowie Grzegorz Soczka. Podczas tych spotka\u0144 Pawe\u0142 Przychodniak zwyci\u0119\u017cy\u0142 w strzelaniach towarzysz\u0105cych\u00a0 z broni kr\u00f3tkiej. Helena i Pawe\u0142 Przychodniak wzi\u0119li udzia\u0142 we wszystkich spotkaniach Europejskich od 1998 roku.<\/p><p dir=\"ltr\">Bractwo postanowi\u0142o tak\u017ce nawi\u0105za\u0107 bli\u017csz\u0105 wsp\u00f3\u0142prac\u0119 z towarzystwami strzeleckimi za granic\u0105. Pierwsza pr\u00f3ba mia\u0142a miejsce w maju 1999 r. Delegacja bractwa w sk\u0142adzie Pawe\u0142 Przychodniak, Krzysztof Andrzejewski, Ryszard Ka\u017amierczak, Benedykt M\u0142ynarczyk pojecha\u0142a do braci z Brillon w Niemczech. Podarowano im statuetk\u0119 armaty z okoliczno\u015bciow\u0105 tabliczk\u0105 w j\u0119zyku polskim. \u015aci\u015blejsz\u0105 wsp\u00f3\u0142prac\u0119 nawi\u0105zano jednak z bractwem z Gadebusch w Niemczech, a uchwa\u0142\u0119 w tej sprawie podj\u0119to w 2010 r. Kontakty pomi\u0119dzy tymi organizacjami rozpocz\u0119\u0142y si\u0119 du\u017co wcze\u015bniej. W 2008 r. delegacja strzelc\u00f3w z niemieckiego miasteczka skorzysta\u0142a z zaproszenia i przyjecha\u0142a do Czarnkowa na obchody 10-lecia reaktywacji bractwa. Wkr\u00f3tce delegacja bractwa pojecha\u0142a z rewizyt\u0105. Pozytywne wra\u017cenia, jakie po obu spotkaniach odnios\u0142y obie strony zaowocowa\u0142y blisk\u0105 wsp\u00f3\u0142prac\u0105, kt\u00f3ra trwa do dzisiaj.<\/p><p dir=\"ltr\">W listopadzie 2001 roku z inicjatywy EGS odby\u0142o si\u0119 spotkanie Bractw Kurkowych z ca\u0142ej Europy z Papie\u017cem Janem Paw\u0142em II. Cz\u0142onkowie Czarnkowskiego Bractwa Wzi\u0119li udzia\u0142 w audiencji u Papie\u017ca. Delegacj\u0119 stanowili : Ksi\u0105dz Stanis\u0142aw Tomalik, Pawe\u0142 Przychodniak, Helena Jasi\u0144ska-Przychodniak, Hieronim Adamczewski z ma\u0142\u017conk\u0105, Jan Kosicki, Benedykt M\u0142ynarczyk, Krzysztof Karpi\u0144ski, Jerzy Nowakowski, S\u0142awomir Knapski, Franciszek Skowro\u0144ski oraz Burmistrz Czarnkowa Franciszek Struga\u0142a z ma\u0142\u017conk\u0105.<\/p><p dir=\"ltr\">Do najwa\u017cniejszych osi\u0105gni\u0119\u0107 cz\u0142onk\u00f3w Bractwa w zakresie strzelectwa uzyskanych na arenie og\u00f3lnopolskiej i og\u00f3lnoeuropejskiej mo\u017cna zaliczy\u0107:\u00a0<\/p><p dir=\"ltr\">Pawe\u0142 Przychodniak\u00a0<\/p><p dir=\"ltr\">godno\u015b\u0107 II Rycerza Zjednoczenia Kurkowych Bractw Strzeleckich Rzeczypospolitej Polskiej wywalczona przez w 2000 r.\u00a0<\/p><p dir=\"ltr\">Mistrz Okr\u0119gu Pozna\u0144skiego 1999 r.<\/p><p dir=\"ltr\">II V-ce Mistrz Zjednoczenia 2001 r.\u00a0<\/p><p dir=\"ltr\">Helena Jasi\u0144ska-Przychodniak<\/p><p dir=\"ltr\">I Rycerz Okr\u0119gu Pozna\u0144 \u2013 Opalenica 1998r, Mistrz Zjednoczenia KBS RP \u2013 Wrze\u015bnia 2001r, II Rycerz Okr\u0119gu Pozna\u0144 2005r<\/p><p dir=\"ltr\">S\u0142awomir Knapski:<\/p><p dir=\"ltr\">Kr\u00f3l Okr\u0119gu Pozna\u0144skiego, V-ce Mistrz Okregu Pozna\u0144skiego 2012<\/p><p dir=\"ltr\">Janusz Malinowski<\/p><p dir=\"ltr\">II V-ce Mistrz Zjednoczenia KBS RP 2005r<\/p><p dir=\"ltr\">inne nie mam informacji<\/p>\t\t\t\t\t\t\t\t<\/div>\n\t\t\t\t<\/div>\n\t\t\t\t\t<\/div>\n\t\t\t\t<\/div>\n\t\t\t\t<\/div>\n\t\t","protected":false},"excerpt":{"rendered":"<p>Odrodzenie Kurkowego Bractwa Strzeleckiego w Czarnkowie Rok 1998 przyni\u00f3s\u0142 dla wszystkich obywateli ogromn\u0105 zmian\u0119. Jedn\u0105 z oznak zachodz\u0105cych przemian by\u0142o uchwalenie nowego prawa o stowarzyszeniach, kt\u00f3re jak zapisano w preambule, mia\u0142o stworzy\u0107 warunki do realizacji wolno\u015bci zrzeszania, kt\u00f3r\u0105 gwarantuje konstytucja, Powszechna Deklaracja Praw Cz\u0142owieka i Mi\u0119dzynarodowy Pakt Praw Obywatelskich i Politycznych. Od tego momentu umo\u017cliwiono wszystkim obywatelom czynne uczestniczenie w \u017cyciu publicznym i wyra\u017canie zr\u00f3\u017cnicowanych pogl\u0105d\u00f3w oraz realizacj\u0119 indywidualnych zainteresowa\u0144. Prawo to uwzgl\u0119dnia\u0142o tradycje i powszechnie uznawany dorobek ruchu stowarzyszeniowego. Wzorowano si\u0119 w nim na prawie wprowadzonym przed wojn\u0105 i wiele z jego zapis\u00f3w jest zbie\u017cnych. Wymiernym efektem wprowadzenia nowej ustawy o stowarzyszeniach by\u0142a gwa\u0142towna reaktywacja bractw kurkowych w latach 90. XX wieku. W\u0142adzom komunistycznym, pomimo wielu zabieg\u00f3w, nie uda\u0142o si\u0119 wymaza\u0107 ze \u015bwiadomo\u015bci mieszka\u0144c\u00f3w miast wspomnie\u0144 o dzia\u0142alno\u015bci tych stowarzysze\u0144. Kilka czynnik\u00f3w mia\u0142o wp\u0142yw na ten stan rzeczy. Przede wszystkim osoby nale\u017c\u0105ce przed II wojn\u0105 \u015bwiatow\u0105 do kurkowych bractw strzeleckich przekazywali swe wspomnienia swoim potomkom. To w\u0142a\u015bnie informacje wyniesione z dom\u00f3w rodzinnych bardzo cz\u0119sto by\u0142y impulsem do podj\u0119cia pr\u00f3b reaktywacji bractw strzeleckich. O wielowiekowej dzia\u0142alno\u015bci bractw strzeleckich nie pozwoli\u0142y r\u00f3wnie\u017c zapomnie\u0107 liczne pami\u0105tki przechowywane w r\u0119kach prywatnych oraz muzeach, kt\u00f3rymi interesowali si\u0119 historycy i regionali\u015bci. Zebrane przez nich informacje przybli\u017ca\u0142y dzia\u0142alno\u015b\u0107 bractw kurkowych osobom, kt\u00f3re nie mia\u0142y wystarczaj\u0105cej wiedzy na ten temat. Dlatego bractwa strzeleckie w pierwszej kolejno\u015bci odrodzi\u0142y si\u0119 w miastach, w kt\u00f3rych w r\u00f3\u017cnych okresach historycznych one funkcjonowa\u0142y, a ich kilkuwiekowa dzia\u0142alno\u015b\u0107 na trwa\u0142e wpisa\u0142a si\u0119 w krajobraz spo\u0142eczno-kulturowy tych\u017ce o\u015brodk\u00f3w miejskich. \u00a0 1. Propagatorem wiedzy na temat czarnkowskiego bractwa strzeleckiego by\u0142 Zbigniew Dudek. Artyku\u0142y jego autorstwa ukaza\u0142y si\u0119 w czarnkowskim dwutygodniku \u201eNadnoteckie Echa\u201d w roku 1995. Mia\u0142y one na celu nie tylko przybli\u017cy\u0107 histori\u0119 bractwa strzeleckiego, ale tak\u017ce doprowadzi\u0107 do reaktywacji tego stowarzyszenia w Czarnkowie. Powsta\u0142y pr\u00f3by odtworzenie dzia\u0142alno\u015bci bractwa niestety dzia\u0142ania te zako\u0144czy\u0142y si\u0119 niepowodzeniem. Kolejnej pr\u00f3by przywr\u00f3cenia w Czarnkowie bractwa strzeleckiego podj\u0105\u0142 si\u0119 Pawe\u0142 Przychodniak, \u00f3wczesny nadle\u015bniczy Nadle\u015bnictwa w Sarbii. Z przeprowadzonych rozm\u00f3w wynika, \u017ce nigdy wcze\u015bniej nie zetkn\u0105\u0142 si\u0119 on z tym zagadnieniem. Ciekawo\u015b\u0107 i bli\u017csze zainteresowanie bractwami strzeleckimi pojawi\u0142y si\u0119 przypadkowo. Ot\u00f3\u017c, jako mi\u0142o\u015bnik rywalizacji strzeleckiej, zosta\u0142 zaproszony na Turniej organizowany przez Pilskie Bractwo Kurkowe . Tam pomimo wielkich ch\u0119ci, nie m\u00f3g\u0142 wzi\u0105\u0107 udzia\u0142u w jednej z konkurencji strzeleckich, poniewa\u017c by\u0142a ona zarezerwowana tylko dla braci kurkowych. Pawe\u0142 Przychodniak nawet nie wiedzia\u0142 kim s\u0105 bracia kurkowi i dlaczego zajmuj\u0105 si\u0119 strzelectwem. Dlatego po powrocie z Turnieju rozpocz\u0105\u0142 zbieranie informacji na temat dzia\u0142alno\u015bci bractw strzeleckich w Polsce. Dowiedzia\u0142 si\u0119, \u017ce takie stowarzyszenie istnia\u0142o tak\u017ce w Czarnkowie i postanowi\u0142 przywr\u00f3ci\u0107 je do \u017cycia.\u00a0 Zgodnie z obowi\u0105zuj\u0105c\u0105 wtedy ustaw\u0105 o stowarzyszeniach, potrzebne by\u0142o minimum 15 os\u00f3b, kt\u00f3re wyrazi\u0142yby ch\u0119\u0107 zrzeszenia si\u0119 w celu realizacji wsp\u00f3lnych cel\u00f3w. Osoby te musia\u0142y uchwali\u0107 statut i wybra\u0107 komitet za\u0142o\u017cycielski, kt\u00f3ry nast\u0119pnie dokona\u0142by rejestracji w s\u0105dzie wojew\u00f3dzkim. Wpis do odpowiedniego rejestru skutkowa\u0142 uzyskaniem osobowo\u015bci prawnej. Nam\u00f3wienie 15 os\u00f3b do za\u0142o\u017cenia stowarzyszenia nie by\u0142o zadaniem \u0142atwym. Zorganizowa\u0142 spotkanie, na kt\u00f3re zaprosi\u0142 swoich znajomych. Nikt z zaproszonych go\u015bci nie by\u0142 \u015bwiadomy czemu ono b\u0119dzie po\u015bwi\u0119cone. W wyznaczonym terminie \u2013 27 lutego 1998 r. \u2013 na Sali konferencyjnej nadle\u015bnictwa przygotowa\u0142 niezb\u0119dne materia\u0142y o bractwach strzeleckich, w tym r\u00f3wnie\u017c o tym dzia\u0142aj\u0105cym niegdy\u015b w Czarnkowie. Po powitaniu zaproszonych go\u015bci przedstawi\u0142 im przy\u015bwiecaj\u0105ca mu ide\u0119 przywr\u00f3cenia do \u017cycia bractwa strzeleckiego w Czarnkowie. Nast\u0119pnie opu\u015bci\u0142 go\u015bci, aby sami mogli zaznajomi\u0107 si\u0119 z przygotowanymi materia\u0142ami i przedyskutowa\u0107 propozycj\u0119. Po powrocie zada\u0142 jedno, kr\u00f3tkie pytanie: Czy zak\u0142adamy bractwo strzeleckie? Wszyscy si\u0119 zgodzili. W spotkaniu tym wzi\u0119\u0142o udzia\u0142 19 os\u00f3b: Pawe\u0142 Przychodniak, Helena Jasi\u0144ska-Przychodniak, Tadeusz Smoli\u0144ski, ks. Marian Derkaczewski, Janusz Malinowski, Hieronim Adamczewski, Marek Bardzi\u0144ski, Zbigniew Gzyl, S\u0142awomir Karlikowski, Krzysztof Karpi\u0144ski, S\u0142awomir Knapski, Marek Krzy\u017caniak, Grzegorz \u0141ab\u00f3j, Marian Pertek, Ryszard Ptaszy\u0144ski, Roman Ro\u017cek, Grzegorz Soczka, Jaros\u0142aw Spycha\u0142a, Tomasz Zajkowski.\u00a0 Uczestnicy zebrania za\u0142o\u017cycielskiego wybrali na przewodnicz\u0105cego zebrania Paw\u0142a Przychodniaka, a protokolantem zosta\u0142 Roman Ro\u017cek. Po przedstawieniu porz\u0105dku obrad podj\u0119to cztery uchwa\u0142y. Pierwsza dotyczy\u0142a za\u0142o\u017cenia stowarzyszenia o nazwie Kurkowe Bractwo Strzeleckie w Czarnkowie, druga uchwalenia statutu, trzecia wyboru komitetu za\u0142o\u017cycielskiego. W czwartej uchwale zebrani upowa\u017cnili komitet za\u0142o\u017cycielski do przeprowadzenia rejestracji oraz przygotowania pierwszego Walnego Zgromadzenia. Komitet za\u0142o\u017cycielski w sk\u0142adzie: Pawe\u0142 Przychodniak, Marian Derkaczewski i Janusz Malinowski, przes\u0142a\u0142 do S\u0105du Wojew\u00f3dzkiego w Poznaniu uchwalony 27 lutego 1998 r. statut. W dokumencie tym podkre\u015blono, \u017ce bractwo powsta\u0142o \u201ez inicjatywy cz\u0142onk\u00f3w za\u0142o\u017cycieli i sympatyk\u00f3w staropolskich strzela\u0144\u201d oraz, \u017ce kontynuuje tradycje bractwa istniej\u0105cego w Czarnkowie od 1648 r. By\u0142o to pierwsze po 1948 r. tego typu stowarzyszenie reprezentuj\u0105ce mieszka\u0144c\u00f3w Czarnkowa i okolic.\u00a0 Niejawna rozprawa w sprawie rejestracji Kurkowego Bractwa Strzeleckiego w Czarnkowie odby\u0142a si\u0119 28 marca 1998 r. Nast\u0119pnie 30 kwietnia 1998 r. S\u0105d Wojew\u00f3dzki w Poznaniu wpisa\u0142 we w\u0142asnym rejestrze stowarzysze\u0144 w dziale A pod nr RST 2436 Kurkowe Bractwo Strzeleckie w Czarnkowie. Ustawa o Krajowym Rejestrze S\u0105dowym, obowi\u0105zuj\u0105ca od 2001 r. zobligowa\u0142a wszystkie stowarzyszenia do uzyskania wpisu w Rejestrze Stowarzysze\u0144 KRS. Dnia 18 grudnia 2001 r. S\u0105d Rejonowy Pozna\u0144 \u2013 Nowe Miasto i Wilda w Poznaniu, IX Wydzia\u0142 Gospodarczy Krajowego Rejestru S\u0105dowego wpisa\u0142 do rejestru stowarzysze\u0144 pod nr 0000073721. Odrodzone stowarzyszenie za najwa\u017cniejszy cel postawi\u0142o sobie \u201epodtrzymywanie i krzewienie wielowiekowych tradycji Strzeleckich i ca\u0142ej spu\u015bcizny Bractwa Kurkowego\u00a0 powsta\u0142ego w\u00a0 roku 1648 dzia\u0142aj\u0105cego na terenie miasta Czarnkowa i okolic, piel\u0119gnowanie i propagowanie idei patriotycznych oraz tradycji historycznych, utrwalanie \u015bwiadomo\u015bci, a tak\u017ce rozwijanie poczucia obowi\u0105zk\u00f3w obywatelskich wzgl\u0119dem Rzeczypospolitej Polskiej\u201d.\u00a0 Odrodzone bractwo strzeleckie z chwil\u0105 wpisu do rejestru stowarzysze\u0144 S\u0105du Wojew\u00f3dzkiego w Poznaniu straci\u0142o ci\u0105g\u0142o\u015b\u0107 prawn\u0105 z przedwojennym odpowiednikiem. Szczeg\u00f3\u0142owa analiza przepis\u00f3w prawnych pozwoli\u0142aby unikn\u0105\u0107 tego \u201eb\u0142\u0119du\u201d, kt\u00f3ry pope\u0142ni\u0142o wiele odradzaj\u0105cych si\u0119 w latach 90. XX wieku bractw strzeleckich oraz innych stowarzysze\u0144. Ot\u00f3\u017c zgodnie z przedwojennym prawem o stowarzyszeniach z 1932 r. proces likwidacji musia\u0142 zako\u0144czy\u0107 si\u0119 wykre\u015bleniem danego stowarzyszenia z przedwojennego rejestru prowadzonego przez urz\u0105d wojew\u00f3dzki. W\u0142adze komunistyczne bardzo cz\u0119sto po wydaniu prawomocnej decyzji administracyjnej i przeprowadzeniu likwidacji stowarzyszenia, nie dope\u0142nia\u0142y tego najwa\u017cniejszego obowi\u0105zku. W przypadku czarnkowskiego bractwa ci\u0105g\u0142o\u015b\u0107 prawna mia\u0142aby tylko aspekt symboliczny. Odrodzone bractwo nie mog\u0142oby odzyska\u0107 przedwojennego maj\u0105tku, poniewa\u017c na\u00a0 miejscu przedwojennego parku i strzelnicy wybudowane zosta\u0142y bloki mieszkaniowe. Jeszcze nie zako\u0144czy\u0142 si\u0119 proces rejestracji, a cz\u0142onkowie nowego stowarzyszenia spotkali si\u0119 22 marca 1998 r. na pierwszym Walnym Zgromadzeniu. Wzi\u0119li w<\/p>\n","protected":false},"author":1,"featured_media":0,"comment_status":"closed","ping_status":"open","sticky":false,"template":"","format":"standard","meta":{"footnotes":""},"categories":[18],"tags":[],"class_list":["post-1105","post","type-post","status-publish","format-standard","hentry","category-18"],"jetpack_featured_media_url":"","_links":{"self":[{"href":"https:\/\/kbsczarnkow.pl\/index.php?rest_route=\/wp\/v2\/posts\/1105","targetHints":{"allow":["GET"]}}],"collection":[{"href":"https:\/\/kbsczarnkow.pl\/index.php?rest_route=\/wp\/v2\/posts"}],"about":[{"href":"https:\/\/kbsczarnkow.pl\/index.php?rest_route=\/wp\/v2\/types\/post"}],"author":[{"embeddable":true,"href":"https:\/\/kbsczarnkow.pl\/index.php?rest_route=\/wp\/v2\/users\/1"}],"replies":[{"embeddable":true,"href":"https:\/\/kbsczarnkow.pl\/index.php?rest_route=%2Fwp%2Fv2%2Fcomments&post=1105"}],"version-history":[{"count":3,"href":"https:\/\/kbsczarnkow.pl\/index.php?rest_route=\/wp\/v2\/posts\/1105\/revisions"}],"predecessor-version":[{"id":1108,"href":"https:\/\/kbsczarnkow.pl\/index.php?rest_route=\/wp\/v2\/posts\/1105\/revisions\/1108"}],"wp:attachment":[{"href":"https:\/\/kbsczarnkow.pl\/index.php?rest_route=%2Fwp%2Fv2%2Fmedia&parent=1105"}],"wp:term":[{"taxonomy":"category","embeddable":true,"href":"https:\/\/kbsczarnkow.pl\/index.php?rest_route=%2Fwp%2Fv2%2Fcategories&post=1105"},{"taxonomy":"post_tag","embeddable":true,"href":"https:\/\/kbsczarnkow.pl\/index.php?rest_route=%2Fwp%2Fv2%2Ftags&post=1105"}],"curies":[{"name":"wp","href":"https:\/\/api.w.org\/{rel}","templated":true}]}}